{"id":358,"date":"2020-03-04T08:07:36","date_gmt":"2020-03-04T11:07:36","guid":{"rendered":"http:\/\/face.unt.edu.ar\/web\/biblioteca\/?p=358"},"modified":"2020-03-04T08:07:53","modified_gmt":"2020-03-04T11:07:53","slug":"conservacion-y-encuadernacion","status":"publish","type":"post","link":"https:\/\/face.unt.edu.ar\/web\/biblioteca\/conservacion-y-encuadernacion\/","title":{"rendered":"Conservaci\u00f3n y encuadernaci\u00f3n"},"content":{"rendered":"<p>Es gratificante para nosotros comentar que se est\u00e1 trabajando nuevamente en el sector de conservaci\u00f3n y restauraci\u00f3n de libros, lo que se hizo posible gracias a la incorporaci\u00f3n de personal especializado en estas tareas. Esto permitir\u00e1 conservar el acervo bibliogr\u00e1fico en buenas condiciones.<\/p>\n","protected":false},"excerpt":{"rendered":"<p>Es gratificante para nosotros comentar que se est\u00e1 trabajando nuevamente en el sector de conservaci\u00f3n y restauraci\u00f3n de libros, lo que se hizo posible gracias a la incorporaci\u00f3n de personal especializado en estas tareas. Esto permitir\u00e1 conservar el acervo bibliogr\u00e1fico en buenas condiciones.<\/p>\n","protected":false},"author":2,"featured_media":360,"comment_status":"closed","ping_status":"open","sticky":false,"template":"","format":"aside","meta":{"footnotes":""},"categories":[4],"tags":[11],"_links":{"self":[{"href":"https:\/\/face.unt.edu.ar\/web\/biblioteca\/wp-json\/wp\/v2\/posts\/358"}],"collection":[{"href":"https:\/\/face.unt.edu.ar\/web\/biblioteca\/wp-json\/wp\/v2\/posts"}],"about":[{"href":"https:\/\/face.unt.edu.ar\/web\/biblioteca\/wp-json\/wp\/v2\/types\/post"}],"author":[{"embeddable":true,"href":"https:\/\/face.unt.edu.ar\/web\/biblioteca\/wp-json\/wp\/v2\/users\/2"}],"replies":[{"embeddable":true,"href":"https:\/\/face.unt.edu.ar\/web\/biblioteca\/wp-json\/wp\/v2\/comments?post=358"}],"version-history":[{"count":1,"href":"https:\/\/face.unt.edu.ar\/web\/biblioteca\/wp-json\/wp\/v2\/posts\/358\/revisions"}],"predecessor-version":[{"id":359,"href":"https:\/\/face.unt.edu.ar\/web\/biblioteca\/wp-json\/wp\/v2\/posts\/358\/revisions\/359"}],"wp:featuredmedia":[{"embeddable":true,"href":"https:\/\/face.unt.edu.ar\/web\/biblioteca\/wp-json\/wp\/v2\/media\/360"}],"wp:attachment":[{"href":"https:\/\/face.unt.edu.ar\/web\/biblioteca\/wp-json\/wp\/v2\/media?parent=358"}],"wp:term":[{"taxonomy":"category","embeddable":true,"href":"https:\/\/face.unt.edu.ar\/web\/biblioteca\/wp-json\/wp\/v2\/categories?post=358"},{"taxonomy":"post_tag","embeddable":true,"href":"https:\/\/face.unt.edu.ar\/web\/biblioteca\/wp-json\/wp\/v2\/tags?post=358"}],"curies":[{"name":"wp","href":"https:\/\/api.w.org\/{rel}","templated":true}]}}