{"id":462,"date":"2026-04-07T11:22:09","date_gmt":"2026-04-07T14:22:09","guid":{"rendered":"https:\/\/face.unt.edu.ar\/web\/capacitacion\/?p=462"},"modified":"2026-04-28T12:09:15","modified_gmt":"2026-04-28T15:09:15","slug":"metodo-del-valor-patrimonial-proporcional-principales-cambios-de-la-rt-54-jueves-23-de-abril","status":"publish","type":"post","link":"https:\/\/face.unt.edu.ar\/web\/capacitacion\/metodo-del-valor-patrimonial-proporcional-principales-cambios-de-la-rt-54-jueves-23-de-abril\/","title":{"rendered":"M\u00e9todo del Valor Patrimonial Proporcional. Principales cambios de la RT 54 | Jueves 23 de Abril."},"content":{"rendered":"<h3>Fecha Jueves 23 de Abril.<\/h3>\n<ul>\n<li>\n<h4>Horario de 18:00 a 21:00 hs<\/h4>\n<\/li>\n<li>\n<h4>Modalidad Presencial<\/h4>\n<\/li>\n<\/ul>\n<h4><u>FUNDAMENTACI\u00d3N:<\/u><\/h4>\n<p>La adecuada medici\u00f3n de \u00a0las inversiones en entidades sobre las que se ejerce el control, control conjunto e influencia significativa resulta de fundamental importancia para resolver dos par\u00e1metros del modelo contable (medici\u00f3n de activos y pasivos y exposici\u00f3n de la informaci\u00f3n contable) de los entes que poseen estas participaciones.. Esta tem\u00e1tica no solo es muy relevante para la profesi\u00f3n contable en general sino tambi\u00e9n para los docentes y alumnos de la carrera de Contador P\u00fablico ya que se trata de una cuesti\u00f3n que forma parte de los contenidos de distintas c\u00e1tedras de ciclo contable de la carrera de Contador P\u00fablico.<\/p>\n<h4><u>OBJETIVOS:<\/u><\/h4>\n<p>Capacitar a profesionales, docentes y alumnos en la aplicaci\u00f3n de este m\u00e9todo en funci\u00f3n de las disposiciones de la Resoluci\u00f3n T\u00e9cnica N\u00b0 54 de la FACPCE y explicar los principales cambios con respecto a su tratamiento anterior por la Resoluci\u00f3n T\u00e9cnica N\u00b0 21 de la FACPCE.<\/p>\n<h4><u>REQUISITOS:<\/u><\/h4>\n<ul>\n<li>Tener cursada la c\u00e1tedra de Contabilidad II &#8211; Carrera de Contador P\u00fablico de la Facultad de Ciencias Econ\u00f3micas.<\/li>\n<\/ul>\n<h4><u>DESTINATARIOS:<\/u><\/h4>\n<ul>\n<li>Profesionales<\/li>\n<li>Docentes<\/li>\n<li>Alumnos<\/li>\n<\/ul>\n<h4><u>CONTENIDO:<\/u><\/h4>\n<ul>\n<li>Relaci\u00f3n entre el m\u00e9todo del valor patrimonial y los par\u00e1metros del modelo contable<\/li>\n<li>Definiciones<\/li>\n<li>Aplicaci\u00f3n del m\u00e9todo del valor patrimonial proporcional<\/li>\n<li>Caso especial: compras sucesivas de participaciones en sociedades<\/li>\n<li>Discontinuaci\u00f3n en la aplicaci\u00f3n del m\u00e9todo del valor patrimonial proporcional<\/li>\n<li>Exposici\u00f3n (notas)<\/li>\n<li>\u00a0 \u00a0Caso pr\u00e1ctico<\/li>\n<\/ul>\n<hr \/>\n<h4 style=\"text-align: center\"><span style=\"color: #ff0000\"><a style=\"color: #ff0000\" href=\"https:\/\/forms.gle\/nTojLwDTub9YJVFR8\"><strong>Formulario de Pre-inscripci\u00f3n<\/strong><\/a><\/span><\/h4>\n<p style=\"text-align: center\">(La inscripci\u00f3n en el curso se formaliza con el pago del arancel correspondiente)<\/p>\n<hr \/>\n<h4><\/h4>\n<h4><u>INVERSI\u00d3N:<\/u><\/h4>\n<ul>\n<li>Publico en General\u00a0 : $5.000<img decoding=\"async\" loading=\"lazy\" class=\"aligncenter size-medium wp-image-290\" src=\"http:\/\/face.unt.edu.ar\/web\/capacitacion\/wp-content\/uploads\/sites\/28\/2026\/02\/ChatGPT-Image-12-feb-2026-12_30_19-p.m-300x200.png\" alt=\"\" width=\"300\" height=\"200\" \/><\/li>\n<\/ul>\n<h5 style=\"text-align: center\"><span style=\"color: #ff0000\"><a style=\"color: #ff0000\" href=\"https:\/\/asociacioncooperadoraface.mitiendanube.com\/productos\/metodo-del-valor-patrimonial-proporcional\/\"><strong>ACCESO LINK DE PAG\u00d3<\/strong><\/a><\/span><\/h5>\n<hr \/>\n<h4><em>Docente a Cargo:<\/em><\/h4>\n<h5 style=\"text-align: center\"><em><strong>Mario C\u00e9sar Cor\u00e1n<\/strong><\/em><\/h5>\n<ul>\n<li>Profesor Titular de la C\u00e1tedra Contabilidad III FACE UCSE<\/li>\n<li>JTP C\u00e1tedra Contabilidad III FACE UNT<\/li>\n<li>Autor de diversos trabajos relacionados con la disciplina contable<\/li>\n<li>Expositor de distintos cursos en la UNT, UCSE, Consejo Profesional de Ciencias Econ\u00f3micas de Santiago del Estero y otros.<\/li>\n<li>Responsable de la actualizaci\u00f3n normativa de la Segunda Edici\u00f3n del libro \u201cC\u00f3mo elaborar un Estado de Flujo de Efectivo\u201d del Prof. H\u00e9ctor Ostengo.<\/li>\n<\/ul>\n","protected":false},"excerpt":{"rendered":"<p>Fecha Jueves 23 de Abril. Horario de 18:00 a 21:00 hs Modalidad Presencial FUNDAMENTACI\u00d3N: La adecuada medici\u00f3n de \u00a0las inversiones en entidades sobre las que se ejerce el control, control conjunto e influencia significativa resulta de fundamental importancia para resolver dos par\u00e1metros del modelo contable (medici\u00f3n de activos y pasivos y exposici\u00f3n de la informaci\u00f3n [&hellip;]<\/p>\n","protected":false},"author":123464,"featured_media":475,"comment_status":"open","ping_status":"open","sticky":false,"template":"","format":"standard","meta":{"_et_pb_use_builder":"","_et_pb_old_content":"","_et_gb_content_width":"","footnotes":""},"categories":[7],"tags":[],"_links":{"self":[{"href":"https:\/\/face.unt.edu.ar\/web\/capacitacion\/wp-json\/wp\/v2\/posts\/462"}],"collection":[{"href":"https:\/\/face.unt.edu.ar\/web\/capacitacion\/wp-json\/wp\/v2\/posts"}],"about":[{"href":"https:\/\/face.unt.edu.ar\/web\/capacitacion\/wp-json\/wp\/v2\/types\/post"}],"author":[{"embeddable":true,"href":"https:\/\/face.unt.edu.ar\/web\/capacitacion\/wp-json\/wp\/v2\/users\/123464"}],"replies":[{"embeddable":true,"href":"https:\/\/face.unt.edu.ar\/web\/capacitacion\/wp-json\/wp\/v2\/comments?post=462"}],"version-history":[{"count":4,"href":"https:\/\/face.unt.edu.ar\/web\/capacitacion\/wp-json\/wp\/v2\/posts\/462\/revisions"}],"predecessor-version":[{"id":535,"href":"https:\/\/face.unt.edu.ar\/web\/capacitacion\/wp-json\/wp\/v2\/posts\/462\/revisions\/535"}],"wp:featuredmedia":[{"embeddable":true,"href":"https:\/\/face.unt.edu.ar\/web\/capacitacion\/wp-json\/wp\/v2\/media\/475"}],"wp:attachment":[{"href":"https:\/\/face.unt.edu.ar\/web\/capacitacion\/wp-json\/wp\/v2\/media?parent=462"}],"wp:term":[{"taxonomy":"category","embeddable":true,"href":"https:\/\/face.unt.edu.ar\/web\/capacitacion\/wp-json\/wp\/v2\/categories?post=462"},{"taxonomy":"post_tag","embeddable":true,"href":"https:\/\/face.unt.edu.ar\/web\/capacitacion\/wp-json\/wp\/v2\/tags?post=462"}],"curies":[{"name":"wp","href":"https:\/\/api.w.org\/{rel}","templated":true}]}}