{"id":489,"date":"2026-04-13T09:52:58","date_gmt":"2026-04-13T12:52:58","guid":{"rendered":"https:\/\/face.unt.edu.ar\/web\/capacitacion\/?p=489"},"modified":"2026-04-13T10:00:09","modified_gmt":"2026-04-13T13:00:09","slug":"aspectos-esenciales-reforma-regimen-penal-tributario-fecha-jueves-7-de-mayo","status":"publish","type":"post","link":"https:\/\/face.unt.edu.ar\/web\/capacitacion\/aspectos-esenciales-reforma-regimen-penal-tributario-fecha-jueves-7-de-mayo\/","title":{"rendered":"Aspectos Esenciales Reforma R\u00e9gimen Penal Tributario | Fecha Jueves 7 de Mayo."},"content":{"rendered":"<h3>Fecha Jueves 7 de Mayo.<\/h3>\n<ul>\n<li>\n<h4>Horarios: 18:00 a 21:00 hs.<\/h4>\n<\/li>\n<li>\n<h4>Modalidad Virtual.<\/h4>\n<\/li>\n<\/ul>\n<h4><strong><u>FUNDAMENTACI\u00d3N:<\/u><\/strong><\/h4>\n<p>Necesidad de comprender las recientes modificaciones al r\u00e9gimen penal tributario en la Argentina, en un contexto de creciente complejidad normativa. Resulta esencial actualizar conocimientos para interpretar correctamente las nuevas disposiciones y su impacto en la pr\u00e1ctica profesional. Asimismo, el curso busca fortalecer capacidades para la prevenci\u00f3n de contingencias legales y la adecuada toma de decisiones. y en el \u00e1mbito acad\u00e9mico.<\/p>\n<h4><strong><u>OBJETIVOS:<\/u><\/strong><\/h4>\n<ul>\n<li>Comprender los principales cambios introducidos en el r\u00e9gimen penal tributario argentino y su alcance jur\u00eddico.<\/li>\n<li>Analizar las implicancias pr\u00e1cticas de la normativa en el ejercicio profesional y en la gesti\u00f3n fiscal.<\/li>\n<li>Identificar conductas tipificadas, sanciones y criterios de aplicaci\u00f3n en el marco legal vigente.<\/li>\n<li>Desarrollar herramientas para la prevenci\u00f3n de riesgos y el cumplimiento adecuado de las obligaciones tributarias.<\/li>\n<li>An\u00e1lisis de doctrina y jurisprudencia en la materia.<\/li>\n<\/ul>\n<h4><strong><u>REQUISITOS:<\/u><\/strong><\/h4>\n<ul>\n<li>Conocimientos b\u00e1sicos de Derecho Tributario.<\/li>\n<\/ul>\n<h4><strong><u>DESTINATARIOS:<\/u><\/strong><\/h4>\n<ul>\n<li>Estudiantes de grado y egresados en Ciencias Econ\u00f3micas<\/li>\n<\/ul>\n<h4><strong><u>CONTENIDO:<\/u><\/strong><\/h4>\n<ul>\n<li>Evoluci\u00f3n y marco normativo del r\u00e9gimen penal tributario en la Argentina.<\/li>\n<li>Principales reformas recientes: modificaciones, alcances e interpretaci\u00f3n.<\/li>\n<li>Tipificaci\u00f3n de delitos tributarios y an\u00e1lisis de las figuras penales.<\/li>\n<li>R\u00e9gimen de sanciones, agravantes y atenuantes aplicables.<\/li>\n<li>Estrategias de prevenci\u00f3n, cumplimiento fiscal y actuaci\u00f3n profesional frente a contingencia<\/li>\n<\/ul>\n<hr \/>\n<h4 style=\"text-align: center\"><span style=\"color: #0000ff\"><a style=\"color: #0000ff\" href=\"https:\/\/forms.gle\/nTojLwDTub9YJVFR8\"><strong>Formulario de Inscripci\u00f3n<\/strong><\/a><\/span><\/h4>\n<hr \/>\n<p>&nbsp;<\/p>\n","protected":false},"excerpt":{"rendered":"<p>Fecha Jueves 7 de Mayo. Horarios: 18:00 a 21:00 hs. Modalidad Virtual. FUNDAMENTACI\u00d3N: Necesidad de comprender las recientes modificaciones al r\u00e9gimen penal tributario en la Argentina, en un contexto de creciente complejidad normativa. Resulta esencial actualizar conocimientos para interpretar correctamente las nuevas disposiciones y su impacto en la pr\u00e1ctica profesional. Asimismo, el curso busca fortalecer [&hellip;]<\/p>\n","protected":false},"author":123464,"featured_media":495,"comment_status":"open","ping_status":"open","sticky":false,"template":"","format":"standard","meta":{"_et_pb_use_builder":"","_et_pb_old_content":"","_et_gb_content_width":"","footnotes":""},"categories":[7],"tags":[],"_links":{"self":[{"href":"https:\/\/face.unt.edu.ar\/web\/capacitacion\/wp-json\/wp\/v2\/posts\/489"}],"collection":[{"href":"https:\/\/face.unt.edu.ar\/web\/capacitacion\/wp-json\/wp\/v2\/posts"}],"about":[{"href":"https:\/\/face.unt.edu.ar\/web\/capacitacion\/wp-json\/wp\/v2\/types\/post"}],"author":[{"embeddable":true,"href":"https:\/\/face.unt.edu.ar\/web\/capacitacion\/wp-json\/wp\/v2\/users\/123464"}],"replies":[{"embeddable":true,"href":"https:\/\/face.unt.edu.ar\/web\/capacitacion\/wp-json\/wp\/v2\/comments?post=489"}],"version-history":[{"count":3,"href":"https:\/\/face.unt.edu.ar\/web\/capacitacion\/wp-json\/wp\/v2\/posts\/489\/revisions"}],"predecessor-version":[{"id":494,"href":"https:\/\/face.unt.edu.ar\/web\/capacitacion\/wp-json\/wp\/v2\/posts\/489\/revisions\/494"}],"wp:featuredmedia":[{"embeddable":true,"href":"https:\/\/face.unt.edu.ar\/web\/capacitacion\/wp-json\/wp\/v2\/media\/495"}],"wp:attachment":[{"href":"https:\/\/face.unt.edu.ar\/web\/capacitacion\/wp-json\/wp\/v2\/media?parent=489"}],"wp:term":[{"taxonomy":"category","embeddable":true,"href":"https:\/\/face.unt.edu.ar\/web\/capacitacion\/wp-json\/wp\/v2\/categories?post=489"},{"taxonomy":"post_tag","embeddable":true,"href":"https:\/\/face.unt.edu.ar\/web\/capacitacion\/wp-json\/wp\/v2\/tags?post=489"}],"curies":[{"name":"wp","href":"https:\/\/api.w.org\/{rel}","templated":true}]}}