{"id":95,"date":"2025-10-25T16:00:15","date_gmt":"2025-10-25T14:00:15","guid":{"rendered":"https:\/\/face.unt.edu.ar\/web\/capacitacion\/?p=95"},"modified":"2025-10-26T16:12:07","modified_gmt":"2025-10-26T15:12:07","slug":"contadores-que-transforman-empresas-power-bi-erp-e-ia-para-liderar-lo-nuevo-de-los-negocios","status":"publish","type":"post","link":"https:\/\/face.unt.edu.ar\/web\/capacitacion\/contadores-que-transforman-empresas-power-bi-erp-e-ia-para-liderar-lo-nuevo-de-los-negocios\/","title":{"rendered":"Contadores que transforman Empresas: Power BI, ERP e IA para liderar lo nuevo de los Negocios"},"content":{"rendered":"<p>Brindar a los estudiantes herramientas pr\u00e1cticas y actuales como Power BI, ERP e Inteligencia Artificial, aplicadas al an\u00e1lisis contable, para acercarlos a las demandas reales del mercado y potenciar su rol profesional en la transformaci\u00f3n de las organizaciones.<!--more--><\/p>\n<h2>Fecha de inicio: Viernes 31 de Octubre<\/h2>\n<ul>\n<li>Horario: 17 a 20 hs.<\/li>\n<li>Modalidad Presencial.<\/li>\n<\/ul>\n<h2>Objetivos<\/h2>\n<ul>\n<li>Desarrollar una mirada anal\u00edtica y estrat\u00e9gica sobre la informaci\u00f3n contable para mejorar la toma de decisiones en organizaciones reales.<\/li>\n<\/ul>\n<h2>Requisitos<\/h2>\n<ul>\n<li>Tener cursada Introducci\u00f3n al Sistema de Informaci\u00f3n Contable o Contabilidad Financiera<\/li>\n<\/ul>\n<h2>Destinatarios<\/h2>\n<ul>\n<li>Alumnos Facultad de Ciencias Economicas UNT<\/li>\n<\/ul>\n<h2>Contenido<\/h2>\n<ul>\n<li>Introducci\u00f3n a Business Analytics y su aplicaci\u00f3n en contabilidad y finanzas.<\/li>\n<li>Metodolog\u00eda para el an\u00e1lisis de informaci\u00f3n mediante paneles en Microsoft Power BI.<\/li>\n<li>Uso de ERP y herramientas de IA generativa en la toma de decisiones.<\/li>\n<li>Caso pr\u00e1ctico aplicado.<\/li>\n<\/ul>\n<h2>Docente a cargo<\/h2>\n<h3>Antonio S\u00e1nchez De Boeck<\/h3>\n<p>Contador P\u00fablico con posgrado en Direcci\u00f3n de Empresas. Cuenta con m\u00e1s de 25 a\u00f1os de experiencia como Gerente de Finanzas en compa\u00f1\u00edas de la regi\u00f3n. Fue docente universitario de Finanzas Corporativas y actualmente se desempe\u00f1a como profesor de Business Analytics. Es socio fundador de SanchezDeBoeck, consultora especializada en la implementaci\u00f3n de soluciones de Business Analytics para empresas en Argentina y Latinoam\u00e9rica, y de AprenderAnalytics, academia dedicada a la formaci\u00f3n en an\u00e1lisis de negocios para profesionales y organizaciones.<\/p>\n<h2>Formulario de inscripci\u00f3n<\/h2>\n<p><a href=\"https:\/\/docs.google.com\/forms\/d\/e\/1FAIpQLSexbH7e_vCMShel2Tkw7UqJt8zfX_RBhz6obK6EHVH1CIKdkA\/viewform\" target=\"_blank\" rel=\"noopener\">Ingresar al formulario de inscripci\u00f3n<\/a><\/p>\n<p>&nbsp;<\/p>\n","protected":false},"excerpt":{"rendered":"<p>Brindar a los estudiantes herramientas pr\u00e1cticas y actuales como Power BI, ERP e Inteligencia Artificial, aplicadas al an\u00e1lisis contable, para acercarlos a las demandas reales del mercado y potenciar su rol profesional en la transformaci\u00f3n de las organizaciones.<\/p>\n","protected":false},"author":1,"featured_media":99,"comment_status":"open","ping_status":"open","sticky":false,"template":"","format":"standard","meta":{"_et_pb_use_builder":"","_et_pb_old_content":"","_et_gb_content_width":"","footnotes":""},"categories":[1],"tags":[],"_links":{"self":[{"href":"https:\/\/face.unt.edu.ar\/web\/capacitacion\/wp-json\/wp\/v2\/posts\/95"}],"collection":[{"href":"https:\/\/face.unt.edu.ar\/web\/capacitacion\/wp-json\/wp\/v2\/posts"}],"about":[{"href":"https:\/\/face.unt.edu.ar\/web\/capacitacion\/wp-json\/wp\/v2\/types\/post"}],"author":[{"embeddable":true,"href":"https:\/\/face.unt.edu.ar\/web\/capacitacion\/wp-json\/wp\/v2\/users\/1"}],"replies":[{"embeddable":true,"href":"https:\/\/face.unt.edu.ar\/web\/capacitacion\/wp-json\/wp\/v2\/comments?post=95"}],"version-history":[{"count":3,"href":"https:\/\/face.unt.edu.ar\/web\/capacitacion\/wp-json\/wp\/v2\/posts\/95\/revisions"}],"predecessor-version":[{"id":98,"href":"https:\/\/face.unt.edu.ar\/web\/capacitacion\/wp-json\/wp\/v2\/posts\/95\/revisions\/98"}],"wp:featuredmedia":[{"embeddable":true,"href":"https:\/\/face.unt.edu.ar\/web\/capacitacion\/wp-json\/wp\/v2\/media\/99"}],"wp:attachment":[{"href":"https:\/\/face.unt.edu.ar\/web\/capacitacion\/wp-json\/wp\/v2\/media?parent=95"}],"wp:term":[{"taxonomy":"category","embeddable":true,"href":"https:\/\/face.unt.edu.ar\/web\/capacitacion\/wp-json\/wp\/v2\/categories?post=95"},{"taxonomy":"post_tag","embeddable":true,"href":"https:\/\/face.unt.edu.ar\/web\/capacitacion\/wp-json\/wp\/v2\/tags?post=95"}],"curies":[{"name":"wp","href":"https:\/\/api.w.org\/{rel}","templated":true}]}}