{"id":164,"date":"2013-06-12T19:28:41","date_gmt":"2013-06-12T22:28:41","guid":{"rendered":"http:\/\/mulki.com.ar\/iadmin\/?p=164"},"modified":"2014-09-16T19:22:40","modified_gmt":"2014-09-16T19:22:40","slug":"jica-curso-para-el-desarrollo-y-promocion-de-pequenas-y-medianas-empresas-comunitarias","status":"publish","type":"post","link":"https:\/\/face.unt.edu.ar\/web\/iadmin\/jica-curso-para-el-desarrollo-y-promocion-de-pequenas-y-medianas-empresas-comunitarias\/","title":{"rendered":"JICA: Curso para el Desarrollo y Promoci\u00f3n de Peque\u00f1as y Medianas Empresas Comunitarias"},"content":{"rendered":"<p>La Agencia de Cooperaci\u00f3n Internacional del Jap\u00f3n &#8211; JICA &#8211; Oficina en Argentina, en el marco de la convocatoria al Programa J\u00f3venes L\u00edderes de JICA 2013, invita a participar del\u00a0 <strong>\u00abCurso para el Desarrollo y Promoci\u00f3n de Peque\u00f1as y Medianas Empresas Comunitarias &#8211; Curso para la Promoci\u00f3n de Peque\u00f1as y Medianas Empresas Regionales\u00bb<\/strong><\/p>\n<ul>\n<li><strong>Per\u00edodo en Jap\u00f3n:<\/strong> del 25 de agosto al 11 de setiembre de 2013<\/li>\n<li><strong>Lugar:<\/strong> Nagoya, Jap\u00f3n<\/li>\n<li><strong>Vencimiento en Argentina:<\/strong> 28 de junio de 2013<\/li>\n<li><strong>Idioma:<\/strong> espa\u00f1ol (se recomienda conocimientos de idioma ingl\u00e9s)<\/li>\n<\/ul>\n<p>A continuaci\u00f3n puede descargar la documentaci\u00f3n mediante la cual se informa acerca de los cursos y sus caracter\u00edsticas, como as\u00ed tambi\u00e9n, aquellas que se deber\u00e1n completar y tener en cuenta al momento de la inscripci\u00f3n:<\/p>\n<ul>\n<li><a href=\"http:\/\/mulki.com.ar\/iadmin\/wp-content\/uploads\/2013\/06\/APPLICATION-FORM.doc\">Formulario de Aplicaci\u00f3n<\/a><\/li>\n<li><a href=\"http:\/\/face.unt.edu.ar\/web\/iadmin\/wp-content\/uploads\/sites\/2\/2013\/06\/Desarrollo-de-PYMEs-comunitarias-JUN28.pdf\">Informaci\u00f3n general sobre el Programa de Capacitaci\u00f3n de L\u00edderes J\u00f3venes 2013<\/a><\/li>\n<li><a href=\"http:\/\/face.unt.edu.ar\/web\/iadmin\/wp-content\/uploads\/sites\/2\/2013\/06\/INSTRUCTIVO-PARA-APLICAR-AL-PROGRAMA-DE-CAPACITACION-DE-JICA.pdf\">Instructivo para aplicar al Programa de Capacitaci\u00f3n de JICA<\/a><\/li>\n<li><a href=\"http:\/\/face.unt.edu.ar\/web\/iadmin\/wp-content\/uploads\/sites\/2\/2013\/06\/MODELO-DE-NOTA-PARA-LA-CANCILLERIA-ARGENTINA.pdf\">Modelo de Nota para la Canciller\u00eda Argentina<\/a><\/li>\n<\/ul>\n<p>Cabe aclarar que la nota a Canciller\u00eda ahora tiene que estar dirigida a:<\/p>\n<p>Dra. Lucila Rosso<br \/>\nDirectora General de Cooperaci\u00f3n Internacional Ministerio de Relaciones Exteriores y Culto<\/p>\n<p>Para mayor informaci\u00f3n visite el sitio web de JICA: <a title=\"JICA\" href=\"http:\/\/www.jica.go.jp\" target=\"_blank\">www.jica.go.jp<\/a><\/p>\n","protected":false},"excerpt":{"rendered":"<p>La Agencia de Cooperaci\u00f3n Internacional del Jap\u00f3n &#8211; JICA &#8211; Oficina en Argentina, en el marco de la convocatoria al Programa J\u00f3venes L\u00edderes de JICA 2013, invita a participar del\u00a0 \u00abCurso para el Desarrollo y Promoci\u00f3n de Peque\u00f1as y Medianas Empresas Comunitarias &#8211; Curso para la Promoci\u00f3n de Peque\u00f1as y Medianas Empresas Regionales\u00bb Per\u00edodo en [&hellip;]<\/p>\n","protected":false},"author":1,"featured_media":160,"comment_status":"closed","ping_status":"open","sticky":false,"template":"","format":"standard","meta":{"footnotes":""},"categories":[10,14],"tags":[],"_links":{"self":[{"href":"https:\/\/face.unt.edu.ar\/web\/iadmin\/wp-json\/wp\/v2\/posts\/164"}],"collection":[{"href":"https:\/\/face.unt.edu.ar\/web\/iadmin\/wp-json\/wp\/v2\/posts"}],"about":[{"href":"https:\/\/face.unt.edu.ar\/web\/iadmin\/wp-json\/wp\/v2\/types\/post"}],"author":[{"embeddable":true,"href":"https:\/\/face.unt.edu.ar\/web\/iadmin\/wp-json\/wp\/v2\/users\/1"}],"replies":[{"embeddable":true,"href":"https:\/\/face.unt.edu.ar\/web\/iadmin\/wp-json\/wp\/v2\/comments?post=164"}],"version-history":[{"count":1,"href":"https:\/\/face.unt.edu.ar\/web\/iadmin\/wp-json\/wp\/v2\/posts\/164\/revisions"}],"predecessor-version":[{"id":1153,"href":"https:\/\/face.unt.edu.ar\/web\/iadmin\/wp-json\/wp\/v2\/posts\/164\/revisions\/1153"}],"wp:featuredmedia":[{"embeddable":true,"href":"https:\/\/face.unt.edu.ar\/web\/iadmin\/wp-json\/wp\/v2\/media\/160"}],"wp:attachment":[{"href":"https:\/\/face.unt.edu.ar\/web\/iadmin\/wp-json\/wp\/v2\/media?parent=164"}],"wp:term":[{"taxonomy":"category","embeddable":true,"href":"https:\/\/face.unt.edu.ar\/web\/iadmin\/wp-json\/wp\/v2\/categories?post=164"},{"taxonomy":"post_tag","embeddable":true,"href":"https:\/\/face.unt.edu.ar\/web\/iadmin\/wp-json\/wp\/v2\/tags?post=164"}],"curies":[{"name":"wp","href":"https:\/\/api.w.org\/{rel}","templated":true}]}}