{"id":1918,"date":"2014-12-04T11:50:16","date_gmt":"2014-12-04T11:50:16","guid":{"rendered":"http:\/\/face.unt.edu.ar\/web\/iadmin\/?p=1918"},"modified":"2014-12-04T11:54:28","modified_gmt":"2014-12-04T11:54:28","slug":"profesor-de-la-face-cr-marcelo-medina-participo-como-tallerista-en-el-euna-2014","status":"publish","type":"post","link":"https:\/\/face.unt.edu.ar\/web\/iadmin\/profesor-de-la-face-cr-marcelo-medina-participo-como-tallerista-en-el-euna-2014\/","title":{"rendered":"Profesor de la FACE, Cr. Marcelo Medina, particip\u00f3 como tallerista en el EUNa 2014"},"content":{"rendered":"<p>Durante los tres d\u00edas que dur\u00f3 el XII Encuentro de Universidades Nacionales \u2013 EUNa 2014, diversas actividades se llevar\u00e1n a cabo con el fin de\u00a0 sumar saberes y experiencias para potenciar la capacidad y el desarrollo del capital humano de las universidades.<\/p>\n<p>En este sentido, uno de los talleres del que podr\u00e1n participar los asistentes se trata del dictado por el Cr. Marcelo Medina titulado \u201cConstrucci\u00f3n del Conocimiento Organizacional\u201d. Los objetivos planteados por este curso fueron los\u00a0siguientes:<\/p>\n<p>*Abordar y definir el concepto de Conocimiento Organizacional,<\/p>\n<p>*Presentar Modelos de Gesti\u00f3n del Conocimiento Organizacional,<\/p>\n<p>*Generar un espacio para transferir a la Gesti\u00f3n Universitaria los Modelos de Gesti\u00f3n del Conocimiento Organizacional.<\/p>\n<p>Respecto a la metodolog\u00eda del mismo, se dio inicio a trav\u00e9s de una presentaci\u00f3n conceptual de marcos te\u00f3ricos. Posteriormente se procedio al an\u00e1lisis y discusi\u00f3n de videos y se llev\u00f3 a cabo actividades l\u00fadicas y juegos grupales para finalizar con un plenario de conclusiones finales<\/p>\n","protected":false},"excerpt":{"rendered":"<p>\u201cConstrucci\u00f3n del Conocimiento Organizacional\u201d es el nombre del taller a cargo del CPN Marcelo Medina Galv\u00e1n, docente de la Facultad de Ciencias Econ\u00f3micas. El taller se dict\u00f3 el d\u00eda 17 de noviembre\u00a0a hs. 16.30 en la sede de\u00a0 Horco Molle de la Universidad Nacional de Tucum\u00e1n<\/p>\n","protected":false},"author":9,"featured_media":1919,"comment_status":"open","ping_status":"open","sticky":false,"template":"","format":"standard","meta":{"footnotes":""},"categories":[13,14],"tags":[],"_links":{"self":[{"href":"https:\/\/face.unt.edu.ar\/web\/iadmin\/wp-json\/wp\/v2\/posts\/1918"}],"collection":[{"href":"https:\/\/face.unt.edu.ar\/web\/iadmin\/wp-json\/wp\/v2\/posts"}],"about":[{"href":"https:\/\/face.unt.edu.ar\/web\/iadmin\/wp-json\/wp\/v2\/types\/post"}],"author":[{"embeddable":true,"href":"https:\/\/face.unt.edu.ar\/web\/iadmin\/wp-json\/wp\/v2\/users\/9"}],"replies":[{"embeddable":true,"href":"https:\/\/face.unt.edu.ar\/web\/iadmin\/wp-json\/wp\/v2\/comments?post=1918"}],"version-history":[{"count":3,"href":"https:\/\/face.unt.edu.ar\/web\/iadmin\/wp-json\/wp\/v2\/posts\/1918\/revisions"}],"predecessor-version":[{"id":1922,"href":"https:\/\/face.unt.edu.ar\/web\/iadmin\/wp-json\/wp\/v2\/posts\/1918\/revisions\/1922"}],"wp:featuredmedia":[{"embeddable":true,"href":"https:\/\/face.unt.edu.ar\/web\/iadmin\/wp-json\/wp\/v2\/media\/1919"}],"wp:attachment":[{"href":"https:\/\/face.unt.edu.ar\/web\/iadmin\/wp-json\/wp\/v2\/media?parent=1918"}],"wp:term":[{"taxonomy":"category","embeddable":true,"href":"https:\/\/face.unt.edu.ar\/web\/iadmin\/wp-json\/wp\/v2\/categories?post=1918"},{"taxonomy":"post_tag","embeddable":true,"href":"https:\/\/face.unt.edu.ar\/web\/iadmin\/wp-json\/wp\/v2\/tags?post=1918"}],"curies":[{"name":"wp","href":"https:\/\/api.w.org\/{rel}","templated":true}]}}