{"id":1936,"date":"2014-12-11T13:49:40","date_gmt":"2014-12-11T13:49:40","guid":{"rendered":"http:\/\/face.unt.edu.ar\/web\/iadmin\/?p=1936"},"modified":"2014-12-11T22:47:47","modified_gmt":"2014-12-11T22:47:47","slug":"iii-jornada-de-investigacion-en-administracion-trabajos-presentados","status":"publish","type":"post","link":"https:\/\/face.unt.edu.ar\/web\/iadmin\/iii-jornada-de-investigacion-en-administracion-trabajos-presentados\/","title":{"rendered":"III JORNADA DE INVESTIGACI\u00d3N EN ADMINISTRACI\u00d3N: TRABAJOS PRESENTADOS"},"content":{"rendered":"<table style=\"height: 1452px\" width=\"749\">\n<tbody>\n<tr>\n<td width=\"38\"><strong>\u00a0<\/strong><\/td>\n<td width=\"226\"><strong>\u00a0<\/strong><strong>Materia y Profesor\/a<\/strong><\/td>\n<td width=\"237\"><strong>Nombre del Trabajo<\/strong><\/td>\n<td width=\"183\"><strong>Integrantes<\/strong><\/td>\n<\/tr>\n<tr>\n<td width=\"38\">1<\/td>\n<td width=\"226\">Comercializaci\u00f3n I: Liliana Fagre<\/td>\n<td width=\"237\"><a title=\"Empresa L\u00e1ctea\" href=\"http:\/\/face.unt.edu.ar\/web\/iadmin\/wp-content\/uploads\/sites\/2\/2014\/12\/JORNADAS-2014-PLAN-EST-COM-EMP-LACTEA-FINAL.pdf\">Plan Estrat\u00e9gico Comercial para una Empresa L\u00e1ctea Tucumana\u00a0<\/a><\/td>\n<td width=\"183\">Cano, Luciana Mar\u00eda; Soria, Mariana<\/td>\n<\/tr>\n<tr>\n<td width=\"38\">2<\/td>\n<td width=\"226\">Administraci\u00f3n II: Ana Grandi<\/td>\n<td width=\"237\">M&amp;A: Trabajo de campo: Grupo y Equipo<\/td>\n<td width=\"183\">Fincatti, Jos\u00e9; Fanaria, Carolina; Luna, Eugenia; Ruiz de Huidobro, Agustina; Tanfani, Ana Ma. Del Milagro<\/td>\n<\/tr>\n<tr>\n<td width=\"38\">3<\/td>\n<td width=\"226\">Investigaci\u00f3n Operativa: Marcelo Medina<\/td>\n<td width=\"237\">Programaci\u00f3n cuadr\u00e1tica: selecci\u00f3n de carteras de inversi\u00f3n<\/td>\n<td width=\"183\">Nader, Nicol\u00e1s Eduardo<\/td>\n<\/tr>\n<tr>\n<td width=\"38\">4<\/td>\n<td width=\"226\">Administraci\u00f3n II: Humberto D\u2019Arterio<\/td>\n<td width=\"237\"><a title=\"Empresas familiares\" href=\"http:\/\/face.unt.edu.ar\/web\/iadmin\/wp-content\/uploads\/sites\/2\/2014\/12\/Trabajo-Jorninv-Empr-Fam-Ivi.pdf\">Las empresas familiares: diagn\u00f3stico y soluciones de conflictos t\u00edpicos de Autom\u00f3viles Japoneses SRL.<\/a><\/td>\n<td width=\"183\">Ayup, Ivanna; Carrasco, Ricardo Andr\u00e9s; Seoane, Mar\u00eda Paula<\/td>\n<\/tr>\n<tr>\n<td width=\"38\">5<\/td>\n<td width=\"226\">Comercializaci\u00f3n I: Liliana Fagre<\/td>\n<td width=\"237\"><a title=\"Ramirez Motos\" href=\"http:\/\/face.unt.edu.ar\/web\/iadmin\/wp-content\/uploads\/sites\/2\/2014\/12\/Trabajo-de-Investigacion-Ramirez-motos.pdf\">Diagn\u00f3stico y propuesta de acciones comerciales a la empresa \u201cRam\u00edrez Motos\u201d<\/a><\/td>\n<td width=\"183\">M\u00f3naco, Elizabeth; Prieto, Pablo Andr\u00e9s<\/td>\n<\/tr>\n<tr>\n<td width=\"38\">6<\/td>\n<td width=\"226\">Control de Gesti\u00f3n: Marcelo Medina<\/td>\n<td width=\"237\"><a title=\"Fortunato Fortino\" href=\"http:\/\/face.unt.edu.ar\/web\/iadmin\/wp-content\/uploads\/sites\/2\/2014\/12\/FORTUNATO-FORTINO-GuardiaGundlach-y-Ramos.pdf\">Trabajo de Campo: Fortunato Fortino y C\u00eda SA<\/a><\/td>\n<td width=\"183\">Guardia, Nicol\u00e1s; Gunlach, Solange; Ramos, Franco<\/td>\n<\/tr>\n<tr>\n<td width=\"38\">7<\/td>\n<td width=\"226\">Comercializaci\u00f3n I: Silvia Usandivaras<\/td>\n<td width=\"237\"><a title=\"Seguridad Gramajo\" href=\"http:\/\/face.unt.edu.ar\/web\/iadmin\/wp-content\/uploads\/sites\/2\/2014\/12\/Trabajo-Seguridad-Gramajo.pdf\">Trabajo final de investigaci\u00f3n de campo: estudio del \u00e1rea comercial de la Empresa \u201cSeguridad Gramajo\u201d<\/a><\/td>\n<td width=\"183\">Gramajo Loza, Mar\u00eda Bel\u00e9n; Lozano, Facundo; Mena, Jos\u00e9 Walter; Tello, Paula<\/td>\n<\/tr>\n<tr>\n<td width=\"38\">8<\/td>\n<td width=\"226\">Comercializaci\u00f3n I: Silvia Usandivaras<\/td>\n<td width=\"237\"><a title=\"Linaje Argentino\" href=\"http:\/\/face.unt.edu.ar\/web\/iadmin\/wp-content\/uploads\/sites\/2\/2014\/12\/Linaje-Argentino-trabajo-invest.pdf\">Trabajo final de Investigaci\u00f3n de Campo: Empresa Linaje Argentino<\/a><\/td>\n<td width=\"183\">Grellet Naval, Federico; Mollica Ingalina, Mat\u00edas Daniel<\/td>\n<\/tr>\n<tr>\n<td width=\"38\">9<\/td>\n<td width=\"226\">Seminario: Administraci\u00f3n II: Humberto D\u2019Arterio<\/td>\n<td width=\"237\"><a title=\"Mobbing\" href=\"http:\/\/face.unt.edu.ar\/web\/iadmin\/wp-content\/uploads\/sites\/2\/2014\/12\/Mobbing-Ochoa.pdf\">Mobbing: presencia de conductas hostiles en empresas de San Miguel de Tucum\u00e1n<\/a><\/td>\n<td width=\"183\">Ochoa, Florencia Elisabeth; Valdez, Mar\u00eda Jos\u00e9<\/td>\n<\/tr>\n<tr>\n<td width=\"38\">10<\/td>\n<td width=\"226\">Contabilidad Gerencial: Marcelo Medina<\/td>\n<td width=\"237\"><a title=\"Gesti\u00f3n del Conocimiento\" href=\"http:\/\/face.unt.edu.ar\/web\/iadmin\/wp-content\/uploads\/sites\/2\/2014\/12\/Trabajo-Andrea-Carmona-Gesti\u00f3n-del-Conocimiento-UNT.pdf\">Gesti\u00f3n del Conocimiento en la Universidad Nacional de Tucum\u00e1n<\/a><\/td>\n<td width=\"183\">Carmona, Andrea Jaqueline<\/td>\n<\/tr>\n<tr>\n<td width=\"38\">11<\/td>\n<td width=\"226\">Control de Gesti\u00f3n: Marcelo Medina<\/td>\n<td width=\"237\"><a title=\"Anfami\" href=\"http:\/\/face.unt.edu.ar\/web\/iadmin\/wp-content\/uploads\/sites\/2\/2014\/12\/ANFAMI_SRL-Control-Gest.pdf\">ANFAMI SRL<\/a><\/td>\n<td width=\"183\">Albarrac\u00edn, Roc\u00edo Iris; Piazza, Guido Federico; Quir\u00f3s, Nicandro Javier<\/td>\n<\/tr>\n<tr>\n<td width=\"38\">12<\/td>\n<td width=\"226\">Control de Gesti\u00f3n: Marcelo Medina; Noem\u00ed Ponce; Cecilia D\u00edaz<\/td>\n<td width=\"237\"><a title=\"Control de gesti\u00f3n\" href=\"http:\/\/face.unt.edu.ar\/web\/iadmin\/wp-content\/uploads\/sites\/2\/2014\/12\/APLICACION-DE-LAS-HERRAMIENTAS-DE-CONTROL-DE-GESTION.pdf\">Aplicaci\u00f3n de las Herramientas de Control de Gesti\u00f3n<\/a><\/td>\n<td width=\"183\">Bertolotti, Mar\u00eda Mercedes; Bertuzzi, Mar\u00eda Bel\u00e9n; Carletto, Lucia Josefina; Chain, Valentina; G\u00f3mez, Sof\u00eda Carolina; Michel, Sof\u00eda<\/td>\n<\/tr>\n<tr>\n<td width=\"38\">13<\/td>\n<td width=\"226\">Investigaci\u00f3n Operativa: Marcelo Medina<\/td>\n<td width=\"237\"><a title=\"Mezcla productos\" href=\"http:\/\/face.unt.edu.ar\/web\/iadmin\/wp-content\/uploads\/sites\/2\/2014\/12\/Araujo-Handl-para-Jornada-Investig-IA.pdf\">Pron\u00f3sticos y Programaci\u00f3n Lineal para Determinar la Mezcla de Productos en un Mini S\u00faper<\/a><\/td>\n<td width=\"183\">Araujo Griet, Mariana; Handl, Karen A.<\/td>\n<\/tr>\n<tr>\n<td width=\"38\">14<\/td>\n<td width=\"226\">Comercializaci\u00f3n I: Liliana Fagre<\/td>\n<td width=\"237\"><a title=\"BKV Jeans\" href=\"http:\/\/face.unt.edu.ar\/web\/iadmin\/wp-content\/uploads\/sites\/2\/2014\/12\/Trabajo-de-campo-BKB-Jeans-jornada-2014.pdf\">An\u00e1lisis y acciones de marketing para la empresa BKB jeans\u201d<\/a><\/td>\n<td width=\"183\">Majul, Lourdes; Padilla, Rosario; Paraj\u00f3n Ch\u00e1vez, Anah\u00ed; Rubino, In\u00e9s; Pfeiffer, Octavio; D\u00edaz, V\u00edctor Ernesto<\/td>\n<\/tr>\n<tr>\n<td width=\"38\">15<\/td>\n<td width=\"226\">Sistemas de \u00a0Informaci\u00f3n II: Esteban Mulki<\/td>\n<td width=\"237\">Negocios en Internet: Reservas de Canchas por Internet: CORTALABOCHA.COM<\/td>\n<td width=\"183\">Paz, Gast\u00f3n Jos\u00e9<\/td>\n<\/tr>\n<tr>\n<td width=\"38\">16<\/td>\n<td width=\"226\">Administraci\u00f3n de la Producci\u00f3n II: Noem\u00ed Yasem<\/td>\n<td width=\"237\">Aplicaciones del Sistema Justo a Tiempo<\/td>\n<td width=\"183\">El\u00edas, Ra\u00fal Augusto<\/td>\n<\/tr>\n<tr>\n<td width=\"38\">17<\/td>\n<td width=\"226\">Administraci\u00f3n de la Producci\u00f3n II: Noem\u00ed Yasem<\/td>\n<td width=\"237\"><a title=\"Diagr Gantt\" href=\"http:\/\/face.unt.edu.ar\/web\/iadmin\/wp-content\/uploads\/sites\/2\/2014\/12\/Aplicaci\u00f3n-pr\u00e1ctica-Diagrama-de-Gantt-para-Jornada-IA-Handl.pdf\">Aplicaci\u00f3n pr\u00e1ctica del Diagrama de Gantt en la administraci\u00f3n de un proyecto<\/a><\/td>\n<td width=\"183\">Handl, Karen Alexis<\/td>\n<\/tr>\n<tr>\n<td width=\"38\">18<\/td>\n<td width=\"226\">Sistemas de Informaci\u00f3n II: Esteban Mulki<\/td>\n<td width=\"237\"><a title=\"Uso SI\" href=\"http:\/\/face.unt.edu.ar\/web\/iadmin\/wp-content\/uploads\/sites\/2\/2014\/12\/Trabajo-final-sistemas-de-informac\u00edon-II-copia.pdf\">Uso Estrat\u00e9gico de los SI: Inteligencia de negocios con tarjetas de fidelizaci\u00f3n de clientes<\/a><\/td>\n<td width=\"183\">Garc\u00eda, Marcelo Adri\u00e1n<\/td>\n<\/tr>\n<tr>\n<td width=\"38\">19<\/td>\n<td width=\"226\">Investigaci\u00f3n Operativa: Marcelo Medina<\/td>\n<td width=\"237\">Aplicaci\u00f3n de la din\u00e1mica de sistemas al proceso de recepci\u00f3n y reparaci\u00f3n de maquinarias<\/td>\n<td width=\"183\">Navarro, Patricia; Sotomayor, Mar\u00eda Elina<\/td>\n<\/tr>\n<tr>\n<td width=\"38\">20<\/td>\n<td width=\"226\">Seminario: Administraci\u00f3n II: Humberto D\u2019Arterio; Jorgelina Mena<\/td>\n<td width=\"237\">Variables\u00a0 del Comportamiento Organizacional<\/td>\n<td width=\"183\">Carbajal, Erika Romina; Rosso, Andrea<\/td>\n<\/tr>\n<tr>\n<td width=\"38\">21<\/td>\n<td width=\"226\">Seminario: Medina, Marcelo<\/td>\n<td width=\"237\">Gesti\u00f3n del Conocimiento en Empresas PyME de la provincia de Tucum\u00e1n<\/td>\n<td width=\"183\">Pajari\u00f1o Assis, Roc\u00edo<\/td>\n<\/tr>\n<tr>\n<td width=\"38\">22<\/td>\n<td width=\"226\">Seminario, Organizaci\u00f3n y Administraci\u00f3n: Marcelo Medina<\/td>\n<td width=\"237\"><a title=\"Canvas\" href=\"http:\/\/face.unt.edu.ar\/web\/iadmin\/wp-content\/uploads\/sites\/2\/2014\/12\/SEMINARIO_-ADMIN-Canvas.pdf\">Modelo de Negocio Canvas<\/a><\/td>\n<td width=\"183\">Liz\u00e1rraga Bardi, Giselle Estefania; Albertini, Carla<\/td>\n<\/tr>\n<\/tbody>\n<\/table>\n","protected":false},"excerpt":{"rendered":"<p>\u00a0 \u00a0Materia y Profesor\/a Nombre del Trabajo Integrantes 1 Comercializaci\u00f3n I: Liliana Fagre Plan Estrat\u00e9gico Comercial para una Empresa L\u00e1ctea Tucumana\u00a0 Cano, Luciana Mar\u00eda; Soria, Mariana 2 Administraci\u00f3n II: Ana Grandi M&amp;A: Trabajo de campo: Grupo y Equipo Fincatti, Jos\u00e9; Fanaria, Carolina; Luna, Eugenia; Ruiz de Huidobro, Agustina; Tanfani, Ana Ma. Del Milagro 3 Investigaci\u00f3n [&hellip;]<\/p>\n","protected":false},"author":7,"featured_media":1960,"comment_status":"open","ping_status":"open","sticky":false,"template":"","format":"standard","meta":{"footnotes":""},"categories":[14,19],"tags":[],"_links":{"self":[{"href":"https:\/\/face.unt.edu.ar\/web\/iadmin\/wp-json\/wp\/v2\/posts\/1936"}],"collection":[{"href":"https:\/\/face.unt.edu.ar\/web\/iadmin\/wp-json\/wp\/v2\/posts"}],"about":[{"href":"https:\/\/face.unt.edu.ar\/web\/iadmin\/wp-json\/wp\/v2\/types\/post"}],"author":[{"embeddable":true,"href":"https:\/\/face.unt.edu.ar\/web\/iadmin\/wp-json\/wp\/v2\/users\/7"}],"replies":[{"embeddable":true,"href":"https:\/\/face.unt.edu.ar\/web\/iadmin\/wp-json\/wp\/v2\/comments?post=1936"}],"version-history":[{"count":34,"href":"https:\/\/face.unt.edu.ar\/web\/iadmin\/wp-json\/wp\/v2\/posts\/1936\/revisions"}],"predecessor-version":[{"id":1989,"href":"https:\/\/face.unt.edu.ar\/web\/iadmin\/wp-json\/wp\/v2\/posts\/1936\/revisions\/1989"}],"wp:featuredmedia":[{"embeddable":true,"href":"https:\/\/face.unt.edu.ar\/web\/iadmin\/wp-json\/wp\/v2\/media\/1960"}],"wp:attachment":[{"href":"https:\/\/face.unt.edu.ar\/web\/iadmin\/wp-json\/wp\/v2\/media?parent=1936"}],"wp:term":[{"taxonomy":"category","embeddable":true,"href":"https:\/\/face.unt.edu.ar\/web\/iadmin\/wp-json\/wp\/v2\/categories?post=1936"},{"taxonomy":"post_tag","embeddable":true,"href":"https:\/\/face.unt.edu.ar\/web\/iadmin\/wp-json\/wp\/v2\/tags?post=1936"}],"curies":[{"name":"wp","href":"https:\/\/api.w.org\/{rel}","templated":true}]}}