{"id":2010,"date":"2015-03-06T13:28:44","date_gmt":"2015-03-06T13:28:44","guid":{"rendered":"http:\/\/face.unt.edu.ar\/web\/iadmin\/?p=2010"},"modified":"2015-03-06T13:28:44","modified_gmt":"2015-03-06T13:28:44","slug":"las-herramientas-financieras-activan-levemente-el-mercado-de-consumo","status":"publish","type":"post","link":"https:\/\/face.unt.edu.ar\/web\/iadmin\/las-herramientas-financieras-activan-levemente-el-mercado-de-consumo\/","title":{"rendered":"Las herramientas financieras activan levemente el mercado de consumo"},"content":{"rendered":"<p>Publicado en La Gaceta online, 6 de marzo 2015:<\/p>\n<p>http:\/\/www.lagaceta.com.ar\/nota\/628840\/economia\/herramientas-financieras-activan-levemente-mercado-consumo.html<\/p>\n<div><b>El \u201cAhora 12\u201d ampl\u00eda la oferta<\/b><\/div>\n<div><b>El plan de financiamiento suma nuevos productos<\/b><\/div>\n<div><\/div>\n<div>El Ministerio de Econom\u00eda inform\u00f3 que desde el pr\u00f3ximo fin de semana comenzar\u00e1 la segunda etapa del plan oficial \u201cAhora 12\u201d, para comprar con tarjeta de cr\u00e9dito en 12 cuotas sin inter\u00e9s, de jueves a domingos. En la nueva etapa se podr\u00e1 comprar libros, colchones, \u00fatiles escolares y anteojos recetados. Estos rubros se suman a los que ya estaban incluidos: electrodom\u00e9sticos, calzado y marroquiner\u00eda, muebles, materiales para la construcci\u00f3n, bicicletas, pasajes en \u00f3mnibus, hoteles y motos. El Ministerio de Econom\u00eda precis\u00f3 que las empresas de tarjetas de cr\u00e9dito que participan del programa son Argencard, Cabal, Mastercard, Visa, Tarjeta Naranja, Nevada, American Express, Diners Club, Tarjeta Shopping, Grupal, Tarjeta Sol y Nativa, del Banco Naci\u00f3n. Adem\u00e1s, la cartera indic\u00f3 que el \u201cAhora 12\u201d benefici\u00f3 a los comercios adheridos e increment\u00f3 su facturaci\u00f3n a una tasa semanal del 13%, detall\u00f3. Por \u00faltimo, se\u00f1al\u00f3 que por cada peso que aporta el Estado se generaron ventas por $ 6,25 para los comercios adheridos. (DyN)<\/div>\n<div><\/div>\n<div><b>Endeudarse para comprar\u00a0<\/b><\/div>\n<div><b>La demanda de pr\u00e9stamos subi\u00f3 el 40% en 2014<\/b><\/div>\n<div><\/div>\n<div>El crecimiento mensual del cr\u00e9dito en pesos, dirigidos al sector privado, se aceler\u00f3 el 4% en diciembre de 2014. El Banco Central (BCRA) indic\u00f3 en su Informe sobre bancos que este desempe\u00f1o se explica, en parte, por factores de car\u00e1cter estacional as\u00ed como por el efecto de los programas oficiales del Gobierno nacional para estimular el financiamiento productivo (como la L\u00ednea de Cr\u00e9dito para la Inversi\u00f3n Productiva) y por aquellos programas destinados al consumo (como el \u201cAhora 12\u201d y el Procreauto, entre otros). Las operaciones con tarjetas de cr\u00e9dito y la utilizaci\u00f3n de documentos crediticios impulsaron el incremento de los pr\u00e9stamos bancarios en el final de 2014. \u201cEn el cuarto trimestre del a\u00f1o pasado, el cr\u00e9dito en pesos al sector privado aument\u00f3 a un ritmo anualizado del 40%, en l\u00ednea con el registro del mismo per\u00edodo de 2013\u201d, precis\u00f3 el BCRA. Esta suba trimestral estuvo impulsada por los pr\u00e9stamos a las familias, fundamentalmente para el consumo. A lo largo de 2014, el saldo de cr\u00e9dito al sector privado aument\u00f3 el 20%.<\/div>\n<div><\/div>\n<div><b>La tarjeta movi\u00f3 las ventas<\/b><\/div>\n<div><b>Los pagos en cuotas impulsaron al comercio<\/b><\/div>\n<div><\/div>\n<div>Las ventas de los comercios minoristas, medidas en cantidades, subieron el 3% interanual en febrero. Este avance fue impulsado por las facilidades para pagar con tarjetas de cr\u00e9dito y en 12 cuotas sin inter\u00e9s, y por los descuentos. La Confederaci\u00f3n Argentina de la Mediana Empresa (CAME) se\u00f1al\u00f3 que el mercado de consumo \u201cse movi\u00f3 tranquilo, pero activo durante febrero\u201d. Por otro lado, la entidad subray\u00f3 que el mes anterior fue el tercero consecutivo en el que las ventas minoristas suben en la comparaci\u00f3n interanual, aunque aclar\u00f3 que la demanda a\u00fan se mueve dubitativa entre comercios del mismo rubro. \u201cLos consumidores buscan precios, comparan, y cuidan sus gastos antes de decidir sus compras\u201d, subray\u00f3 la CAME. El consumo se volc\u00f3 principalmente hacia los locales que ofrecieron herramientas de financiamiento y hacia aquellos comercios que pusieron descuentos. Con el resultado de febrero, las ventas minoristas iniciaron el primer bimestre del a\u00f1o con un aumento de 2,2% frente al mismo periodo del a\u00f1o pasado.<\/div>\n","protected":false},"excerpt":{"rendered":"<p>Publicado en La Gaceta online, 6 de marzo 2015: http:\/\/www.lagaceta.com.ar\/nota\/628840\/economia\/herramientas-financieras-activan-levemente-mercado-consumo.html El \u201cAhora 12\u201d ampl\u00eda la oferta El plan de financiamiento suma nuevos productos El Ministerio de Econom\u00eda inform\u00f3 que desde el pr\u00f3ximo fin de semana comenzar\u00e1 la segunda etapa del plan oficial \u201cAhora 12\u201d, para comprar con tarjeta de cr\u00e9dito en 12 cuotas sin inter\u00e9s, [&hellip;]<\/p>\n","protected":false},"author":7,"featured_media":0,"comment_status":"open","ping_status":"open","sticky":false,"template":"","format":"standard","meta":{"footnotes":""},"categories":[16,17],"tags":[],"_links":{"self":[{"href":"https:\/\/face.unt.edu.ar\/web\/iadmin\/wp-json\/wp\/v2\/posts\/2010"}],"collection":[{"href":"https:\/\/face.unt.edu.ar\/web\/iadmin\/wp-json\/wp\/v2\/posts"}],"about":[{"href":"https:\/\/face.unt.edu.ar\/web\/iadmin\/wp-json\/wp\/v2\/types\/post"}],"author":[{"embeddable":true,"href":"https:\/\/face.unt.edu.ar\/web\/iadmin\/wp-json\/wp\/v2\/users\/7"}],"replies":[{"embeddable":true,"href":"https:\/\/face.unt.edu.ar\/web\/iadmin\/wp-json\/wp\/v2\/comments?post=2010"}],"version-history":[{"count":1,"href":"https:\/\/face.unt.edu.ar\/web\/iadmin\/wp-json\/wp\/v2\/posts\/2010\/revisions"}],"predecessor-version":[{"id":2011,"href":"https:\/\/face.unt.edu.ar\/web\/iadmin\/wp-json\/wp\/v2\/posts\/2010\/revisions\/2011"}],"wp:attachment":[{"href":"https:\/\/face.unt.edu.ar\/web\/iadmin\/wp-json\/wp\/v2\/media?parent=2010"}],"wp:term":[{"taxonomy":"category","embeddable":true,"href":"https:\/\/face.unt.edu.ar\/web\/iadmin\/wp-json\/wp\/v2\/categories?post=2010"},{"taxonomy":"post_tag","embeddable":true,"href":"https:\/\/face.unt.edu.ar\/web\/iadmin\/wp-json\/wp\/v2\/tags?post=2010"}],"curies":[{"name":"wp","href":"https:\/\/api.w.org\/{rel}","templated":true}]}}