{"id":2188,"date":"2015-05-05T11:37:31","date_gmt":"2015-05-05T11:37:31","guid":{"rendered":"http:\/\/face.unt.edu.ar\/web\/iadmin\/?p=2188"},"modified":"2015-05-05T11:45:43","modified_gmt":"2015-05-05T11:45:43","slug":"docente-del-instituto-de-administracion-acompana-a-autoridades-en-la-firma-de-convenio-de-articulacion-con-colegios-secundarios","status":"publish","type":"post","link":"https:\/\/face.unt.edu.ar\/web\/iadmin\/docente-del-instituto-de-administracion-acompana-a-autoridades-en-la-firma-de-convenio-de-articulacion-con-colegios-secundarios\/","title":{"rendered":"Alumnos y Docentes de Colegios Secundarios de la provincia se acercan a la FACE"},"content":{"rendered":"<p><strong>Docente del Instituto de Administraci\u00f3n participa en el acuerdo\u00a0<\/strong><\/p>\n<div id=\"wrappermain-pix\" class=\"wrapper wrapper_boxed\">\n<div id=\"main\">\n<div class=\"container\">\n<div class=\"row\">\n<div class=\"content-left col-md-9\">\n<div class=\"blog blog_detail\">\n<article class=\"post-1659 post type-post status-publish format-standard has-post-thumbnail hentry category-noticias cls-post-image\">\n<div class=\"detail_text rich_editor_text\">\n<p>El pasado jueves se firm\u00f3 un convenio de articulaci\u00f3n entre la Facultad de Ciencias Econ\u00f3micas de la UNT y varios Colegios secundarios de nuestra provincia. El mismo tiene como fin brindar herramientas de aprendizaje y adaptaci\u00f3n a los alumnos del nivel medio en una etapa previa al ingreso a la vida universitaria. En este acuerdo tambi\u00e9n se contempl\u00f3 la formaci\u00f3n y apoyo a docentes del mismo nivel.<\/p>\n<p>Autoridades de la FACE, entre ellos, el decano, Cr. Jos\u00e9 Luis Jim\u00e9nez, la vicedecana, Cra. Maria Liliana Pacheco, el Secretario de Extensi\u00f3n y Relaciones Institucionales, Cr. Ariel Apichela y las Profesoras Susana Rearte y Raquel Gianinni recibieron en las instalaciones de nuestra Casa a representantes de los Colegios Nueva Concepci\u00f3n, Santa Catalina, Sagrado Coraz\u00f3n, Gymnasium y San Miguel.<\/p>\n<p>Dichas instituciones formar\u00e1n parte de un marco acuerdo en el que se establecer\u00e1n los lineamientos para lograr una mejor articulaci\u00f3n entre el nivel medio y el superior. Para ello, los alumnos que cursan el \u00faltimo a\u00f1o de la secundaria ser\u00e1n beneficiados con cursos de capacitaci\u00f3n y dem\u00e1s actividades que conlleven a una mayor adaptaci\u00f3n al nivel de vida de un estudiante universitario.<\/p>\n<p>La profesora Cecilia Saenz, rectora del Colegio Santa Catalina dec\u00eda al respecto: \u201cpensamos que es muy importante para nuestras alumnas, poder articular con el nivel superior; los resultados siempre han sido fruct\u00edferos\u201d<\/p>\n<p>Por su parte en representaci\u00f3n del Colegio Sagrado Coraz\u00f3n, el Rector Daniel Battig destac\u00f3 los beneficios que esto traer\u00e1 tanto al plantel docente como a los alumnos:\u201des una satisfacci\u00f3n para nuestros alumnos que la Universidad se haya acercado a ellos, porque est\u00e1n conociendo y desmitificando lo que significa llegar a la universidad\u201d<\/p>\n<\/div>\n<\/article>\n<\/div>\n<\/div>\n<\/div>\n<\/div>\n<\/div>\n<\/div>\n","protected":false},"excerpt":{"rendered":"<p>Docente del Instituto de Administraci\u00f3n participa en el acuerdo\u00a0 El pasado jueves se firm\u00f3 un convenio de articulaci\u00f3n entre la Facultad de Ciencias Econ\u00f3micas de la UNT y varios Colegios secundarios de nuestra provincia. El mismo tiene como fin brindar herramientas de aprendizaje y adaptaci\u00f3n a los alumnos del nivel medio en una etapa previa [&hellip;]<\/p>\n","protected":false},"author":9,"featured_media":2189,"comment_status":"open","ping_status":"open","sticky":false,"template":"","format":"standard","meta":{"footnotes":""},"categories":[4,14],"tags":[],"_links":{"self":[{"href":"https:\/\/face.unt.edu.ar\/web\/iadmin\/wp-json\/wp\/v2\/posts\/2188"}],"collection":[{"href":"https:\/\/face.unt.edu.ar\/web\/iadmin\/wp-json\/wp\/v2\/posts"}],"about":[{"href":"https:\/\/face.unt.edu.ar\/web\/iadmin\/wp-json\/wp\/v2\/types\/post"}],"author":[{"embeddable":true,"href":"https:\/\/face.unt.edu.ar\/web\/iadmin\/wp-json\/wp\/v2\/users\/9"}],"replies":[{"embeddable":true,"href":"https:\/\/face.unt.edu.ar\/web\/iadmin\/wp-json\/wp\/v2\/comments?post=2188"}],"version-history":[{"count":5,"href":"https:\/\/face.unt.edu.ar\/web\/iadmin\/wp-json\/wp\/v2\/posts\/2188\/revisions"}],"predecessor-version":[{"id":2194,"href":"https:\/\/face.unt.edu.ar\/web\/iadmin\/wp-json\/wp\/v2\/posts\/2188\/revisions\/2194"}],"wp:featuredmedia":[{"embeddable":true,"href":"https:\/\/face.unt.edu.ar\/web\/iadmin\/wp-json\/wp\/v2\/media\/2189"}],"wp:attachment":[{"href":"https:\/\/face.unt.edu.ar\/web\/iadmin\/wp-json\/wp\/v2\/media?parent=2188"}],"wp:term":[{"taxonomy":"category","embeddable":true,"href":"https:\/\/face.unt.edu.ar\/web\/iadmin\/wp-json\/wp\/v2\/categories?post=2188"},{"taxonomy":"post_tag","embeddable":true,"href":"https:\/\/face.unt.edu.ar\/web\/iadmin\/wp-json\/wp\/v2\/tags?post=2188"}],"curies":[{"name":"wp","href":"https:\/\/api.w.org\/{rel}","templated":true}]}}