{"id":2248,"date":"2015-06-25T14:11:58","date_gmt":"2015-06-25T14:11:58","guid":{"rendered":"http:\/\/face.unt.edu.ar\/web\/iadmin\/?p=2248"},"modified":"2015-06-25T14:13:44","modified_gmt":"2015-06-25T14:13:44","slug":"cinco-puntos-clave-de-la-historica-enciclica-del-papa-francisco-sobre-el-cambio-climatico","status":"publish","type":"post","link":"https:\/\/face.unt.edu.ar\/web\/iadmin\/cinco-puntos-clave-de-la-historica-enciclica-del-papa-francisco-sobre-el-cambio-climatico\/","title":{"rendered":"Cinco puntos clave de la \u00abhist\u00f3rica\u00bb enc\u00edclica del papa Francisco sobre el cambio clim\u00e1tico"},"content":{"rendered":"<p>Cinco puntos clave de la \u00abhist\u00f3rica\u00bb enc\u00edclica del papa Francisco sobre el cambio clim\u00e1tico<br \/>\nRedacci\u00f3n<br \/>\nBBC Mundo, 18 junio 2015, publicado en: http:\/\/www.bbc.com\/mundo\/noticias\/2015\/06\/150618_papa_enciclica_cambio_climatico_claves_wbm<\/p>\n<p>El contenido de la enc\u00edclica ya genera pol\u00e9mica en c\u00edrculos conservadores que cuestionan los argumentos del cambio clim\u00e1tico.<br \/>\nEn una enc\u00edclica divulgada este jueves, el papa Francisco expuso sus argumentos teol\u00f3gicos, cient\u00edficos y morales para desarrollar estrategias contra el cambio clim\u00e1tico que tild\u00f3 de \u00aburgentes e imperiosas\u00bb.<br \/>\nEl Pont\u00edfice describi\u00f3 el continuo da\u00f1o a la naturaleza como \u00abuna peque\u00f1a se\u00f1al de la crisis \u00e9tica, cultural y espiritual de la modernidad\u00bb.<br \/>\nLa soluci\u00f3n, dijo, requerir\u00e1 de un alto grado de sacrificio y lo que llam\u00f3 una \u00abaudaz revoluci\u00f3n cultural\u00bb en todo el mundo.<br \/>\nLa enc\u00edclica, titulada Laudato Si (Alabado Sea) y calificada por algunos de \u00abhist\u00f3rica\u00bb, por ser la primera vez que un Papa dedica un documento de este tipo a la protecci\u00f3n medioambiental, consta de 190 p\u00e1ginas, cubriendo amplios temas. BBC Mundo les presenta un resumen de algunos de los puntos m\u00e1s destacados.<br \/>\nEl calentamiento global es real.<br \/>\nEn ese sentido el papa escribe que \u00abhay un consenso cient\u00edfico s\u00f3lido\u00bb que se trata de un fen\u00f3meno innegable.<br \/>\nLa presentaci\u00f3n de la enc\u00edclica papal se hizo en una rueda de prensa en el Vaticano.<br \/>\nSi no se toman medidas para frenarlo se reducir\u00e1 el agua potable, da\u00f1ar\u00e1 la agricultura, conducir\u00e1 a la extinci\u00f3n de algunas plantas y animales.<br \/>\nTambi\u00e9n advirti\u00f3 sobre el peligro del aumento en los niveles de los mares que podr\u00edan terminar inundando algunas de las ciudades m\u00e1s populosas del mundo.<br \/>\nEs principalmente el resultado de la actividad humana.<br \/>\nFrancisco reconoci\u00f3 que el cambio clim\u00e1tico se da en parte de manera natural pero que los estudios cient\u00edficos indican que su \u00abprincipal\u00bb causa somos los humanos.<br \/>\nSostuvo que el \u00abconsumismo inmoral\u00bb ha llevado a la sociedad a un comportamiento que permite la degradaci\u00f3n continua del medio ambiente.<br \/>\n\u00abLa tecnolog\u00eda basada en combustibles f\u00f3siles muy contaminantes -sobre todo el carb\u00f3n, pero a\u00fan el petr\u00f3leo y, en menor medida, el gas- necesita ser reemplazada progresivamente y sin demora\u00bb, advirti\u00f3.<br \/>\nLos pa\u00edses ricos tienen una \u00abdeuda ecol\u00f3gica\u00bb con los pa\u00edses pobres.<br \/>\nActivistas en Filipinas, un pa\u00eds afectado por severos tifones, agradecieron la publicaci\u00f3n del documento.<br \/>\nAsegur\u00f3 que los pa\u00edses en desarrollo est\u00e1n a la merced de las naciones industrializadas que explotan sus recursos para alimentar su producci\u00f3n y consumo, una relaci\u00f3n que el Papa calific\u00f3 como \u00abestructuralmente perversa\u00bb.<br \/>\nRechaz\u00f3 el argumento de que solo a trav\u00e9s del crecimiento econ\u00f3mico se puede resolver el hambre, la pobreza y se puede recuperar el medio ambiente.<br \/>\nLlam\u00f3 esa filosof\u00eda \u00abun concepto m\u00e1gico del mercado\u00bb.<br \/>\nCreaci\u00f3n de instituciones internacionales fuertes<br \/>\nSe necesitan regulaciones a nivel gubernamental para frenar el calentamiento global, pero es esencial instituciones eficientes y organizadas con la potestad de sancionar a quienes incumplan las normas.<br \/>\n\u00abEs esencial lograr un consenso global para enfrentar problemas m\u00e1s profundos que no pueden ser resueltos por las medidas unilaterales de pa\u00edses individuales\u00bb, dijo.<br \/>\nPero indic\u00f3 que las regulaciones por s\u00ed solas no resolver\u00e1n todo el problema. Pidi\u00f3 un cambio de perspectiva \u00e9tica global para cuidad de la naturaleza y hacer que los pueblos sean prioridad.<br \/>\nPresi\u00f3n a los l\u00edderes pol\u00edticos y sacrificio individual<br \/>\nEl papa identific\u00f3 que \u00abmuchos de aquellos que tienen m\u00e1s recursos y poder econ\u00f3mico y pol\u00edtico parecen concentrarse sobre todo en enmascarar los problemas o en ocultar los s\u00edntomas, tratando s\u00f3lo de reducir algunos impactos negativos del cambio clim\u00e1tico\u00bb.<br \/>\nRepresentantes de diferentes denominaciones cristianas estuvieron presentes en el lanzamiento de la enc\u00edclica.<br \/>\nHizo un llamado para que individuos formen redes sociales para presionar a los l\u00edderes pol\u00edticos y para ayudar a los que han quedado desamparados y desempleados debido al cambio clim\u00e1tico.<br \/>\nTambi\u00e9n inst\u00f3 a todos a hacer peque\u00f1os cambios en sus h\u00e1bitos diarios, incluyendo el \u00abuso de transporte p\u00fablico, compartir viajes en auto, plantar \u00e1rboles y apagar luces innecesarias\u00bb.<\/p>\n","protected":false},"excerpt":{"rendered":"<p>Cinco puntos clave de la \u00abhist\u00f3rica\u00bb enc\u00edclica del papa Francisco sobre el cambio clim\u00e1tico Redacci\u00f3n BBC Mundo, 18 junio 2015, publicado en: http:\/\/www.bbc.com\/mundo\/noticias\/2015\/06\/150618_papa_enciclica_cambio_climatico_claves_wbm El contenido de la enc\u00edclica ya genera pol\u00e9mica en c\u00edrculos conservadores que cuestionan los argumentos del cambio clim\u00e1tico. En una enc\u00edclica divulgada este jueves, el papa Francisco expuso sus argumentos teol\u00f3gicos, cient\u00edficos [&hellip;]<\/p>\n","protected":false},"author":7,"featured_media":0,"comment_status":"open","ping_status":"open","sticky":false,"template":"","format":"standard","meta":{"footnotes":""},"categories":[16,17],"tags":[],"_links":{"self":[{"href":"https:\/\/face.unt.edu.ar\/web\/iadmin\/wp-json\/wp\/v2\/posts\/2248"}],"collection":[{"href":"https:\/\/face.unt.edu.ar\/web\/iadmin\/wp-json\/wp\/v2\/posts"}],"about":[{"href":"https:\/\/face.unt.edu.ar\/web\/iadmin\/wp-json\/wp\/v2\/types\/post"}],"author":[{"embeddable":true,"href":"https:\/\/face.unt.edu.ar\/web\/iadmin\/wp-json\/wp\/v2\/users\/7"}],"replies":[{"embeddable":true,"href":"https:\/\/face.unt.edu.ar\/web\/iadmin\/wp-json\/wp\/v2\/comments?post=2248"}],"version-history":[{"count":2,"href":"https:\/\/face.unt.edu.ar\/web\/iadmin\/wp-json\/wp\/v2\/posts\/2248\/revisions"}],"predecessor-version":[{"id":2250,"href":"https:\/\/face.unt.edu.ar\/web\/iadmin\/wp-json\/wp\/v2\/posts\/2248\/revisions\/2250"}],"wp:attachment":[{"href":"https:\/\/face.unt.edu.ar\/web\/iadmin\/wp-json\/wp\/v2\/media?parent=2248"}],"wp:term":[{"taxonomy":"category","embeddable":true,"href":"https:\/\/face.unt.edu.ar\/web\/iadmin\/wp-json\/wp\/v2\/categories?post=2248"},{"taxonomy":"post_tag","embeddable":true,"href":"https:\/\/face.unt.edu.ar\/web\/iadmin\/wp-json\/wp\/v2\/tags?post=2248"}],"curies":[{"name":"wp","href":"https:\/\/api.w.org\/{rel}","templated":true}]}}