{"id":2986,"date":"2016-09-05T14:15:14","date_gmt":"2016-09-05T14:15:14","guid":{"rendered":"http:\/\/face.unt.edu.ar\/web\/iadmin\/?p=2986"},"modified":"2016-09-05T14:15:14","modified_gmt":"2016-09-05T14:15:14","slug":"whatsapp-intercambiara-los-datos-de-usuarios-con-facebook","status":"publish","type":"post","link":"https:\/\/face.unt.edu.ar\/web\/iadmin\/whatsapp-intercambiara-los-datos-de-usuarios-con-facebook\/","title":{"rendered":"WhatsApp intercambiar\u00e1 los datos de usuarios con Facebook"},"content":{"rendered":"<header class=\"article_header module\">\n<div class=\"zonedModule\">\n<div class=\"wsj-article-headline-wrap \">\n<h2 class=\"wsj-article-headline\" style=\"text-align: center\">WhatsApp intercambiar\u00e1 los datos de usuarios con Facebook<\/h2>\n<h3 class=\"sub-head\">La empresa hizo hincapi\u00e9 en que no compartir\u00e1 informaci\u00f3n con terceros, como anunciantes<\/h3>\n<\/div>\n<\/div>\n<\/header>\n<div class=\"column col7 at16-col9 at16-offset1\">\n<div class=\"module\">\n<div class=\"zonedModule\">\n<div id=\"wsj-article-wrap\" class=\"article-wrap\">\n<div id=\"cx-articlecover\"><img decoding=\"async\" title=\"Facebook compr\u00f3 WhatsApp en febrero de 2014.\" src=\"https:\/\/si.wsj.net\/public\/resources\/images\/BN-PO354_0825wh_P_20160825105746.jpg\" alt=\"Facebook compr\u00f3 WhatsApp en febrero de 2014.\" \/><span class=\"image-enlarge\">ENLARGE<\/span><\/div>\n<div class=\"is-lead-inset\">\n<div class=\"media-object           header\">\n<div class=\"media-object-image enlarge-image renoImageFormat-P img-header\">\n<div class=\"wsj-article-caption\"><span class=\"wsj-article-caption-content\">Facebook compr\u00f3 WhatsApp en febrero de 2014.<\/span> <span class=\"wsj-article-credit\"><span class=\"wsj-article-credit-tag\">PHOTO: <\/span>ASSOCIATED PRESS<\/span><\/div>\n<\/div>\n<\/div>\n<\/div>\n<div class=\"clearfix byline-wrap\">\n<div class=\"byline\">Por<\/p>\n<div class=\"author  hasMenu\">BRIAN R. FITZGERALD<\/div>\n<\/div>\n<p>Publicado en The Wall Street Journal, Edici\u00f3n Latinoam\u00e9rica, jueves, 25 de agosto de 2016, en:\u00a0http:\/\/lat.wsj.com\/articles\/SB11535868375454343769104582273481806091786?tesla=y<\/p><\/div>\n<p>El servicio de mensajer\u00eda WhatsApp empezar\u00e1 a intercambiar n\u00fameros de tel\u00e9fono y otros datos con <a class=\"\" href=\"http:\/\/quotes.wsj.com\/FB\">Facebook<\/a><span class=\"company-name-type\"> Inc.,<\/span> un ajuste de pol\u00edtica despu\u00e9s de que la red social prometi\u00f3, al adquirir la aplicaci\u00f3n hace tres a\u00f1os, que cambiar\u00eda poco.<\/p>\n<p>En un blog publicado el jueves, WhatsApp dijo que la actualizaci\u00f3n de sus t\u00e9rminos de uso y pol\u00edtica de privacidad por primera vez en cuatro a\u00f1os era parte de su plan para permitir que los usuarios se comuniquen con empresas.<\/p>\n<p>WhatsApp agreg\u00f3 que la coordinaci\u00f3n con Facebook le permitir\u00e1 analizar la forma en la que las personas utilizan su servicio, combatir mejor el <em>spam<\/em> y en general mejorar el servicio. A pesar de que compartir\u00e1 la informaci\u00f3n con Facebook, la compa\u00f1\u00eda hizo hincapi\u00e9 en que no lo har\u00e1 con terceros, como anunciantes.<\/p>\n<p>\u201cIncluso a medida que coordinamos m\u00e1s con Facebook en los pr\u00f3ximos meses, los mensajes cifrados se mantendr\u00e1n privados y nadie m\u00e1s puede leerlos, ni WhatsApp, ni Facebook, ni nadie m\u00e1s\u201d, dijo la empresa. \u201cNo vamos a publicar o compartir su n\u00famero de WhatsApp con otros, incluso Facebook, y no vamos a vender, compartir o dar su n\u00famero de tel\u00e9fono a anunciantes\u201d.<\/p>\n<p>Sin embargo, es probable que la medida irrite a los usuarios que se mostraron esc\u00e9pticos cuando Facebook anunci\u00f3 la compra de WhatsApp por US$19.000 millones en febrero de 2014. En ese momento, la gente cuestion\u00f3 que Facebook podr\u00eda utilizar los datos de los clientes para apuntalar sus ingresos, y el impacto que tendr\u00eda sobre la privacidad de los usuarios. Poco despu\u00e9s del anuncio, WhatsApp dijo que \u201cel respeto a la privacidad est\u00e1 codificado en nuestro ADN\u201d, en un intento por evitar los temores sobre el acuerdo.<\/p>\n<p>WhatsApp dijo que los usuarios que se registraron hasta el 25 de agosto tienen una ventana de 30 d\u00edas para optar por no compartir algunos datos de sus cuentas con Facebook despu\u00e9s de aceptar los nuevos t\u00e9rminos de servicio.<\/p>\n<p>Facebook ahora ser\u00e1 capaz de reconocer cuando alguien usa su servicio principal, as\u00ed como WhatsApp. Al compartir un n\u00famero de tel\u00e9fono con Facebook, dijo WhatsApp, la red social puede mejorar las sugerencias de amigos y mostrar anuncios m\u00e1s relevantes.<\/p>\n<\/div>\n<\/div>\n<\/div>\n<\/div>\n","protected":false},"excerpt":{"rendered":"<p>WhatsApp intercambiar\u00e1 los datos de usuarios con Facebook La empresa hizo hincapi\u00e9 en que no compartir\u00e1 informaci\u00f3n con terceros, como anunciantes ENLARGE Facebook compr\u00f3 WhatsApp en febrero de 2014. PHOTO: ASSOCIATED PRESS Por BRIAN R. FITZGERALD Publicado en The Wall Street Journal, Edici\u00f3n Latinoam\u00e9rica, jueves, 25 de agosto de 2016, en:\u00a0http:\/\/lat.wsj.com\/articles\/SB11535868375454343769104582273481806091786?tesla=y El servicio de mensajer\u00eda [&hellip;]<\/p>\n","protected":false},"author":7,"featured_media":0,"comment_status":"open","ping_status":"open","sticky":false,"template":"","format":"standard","meta":{"footnotes":""},"categories":[18],"tags":[],"_links":{"self":[{"href":"https:\/\/face.unt.edu.ar\/web\/iadmin\/wp-json\/wp\/v2\/posts\/2986"}],"collection":[{"href":"https:\/\/face.unt.edu.ar\/web\/iadmin\/wp-json\/wp\/v2\/posts"}],"about":[{"href":"https:\/\/face.unt.edu.ar\/web\/iadmin\/wp-json\/wp\/v2\/types\/post"}],"author":[{"embeddable":true,"href":"https:\/\/face.unt.edu.ar\/web\/iadmin\/wp-json\/wp\/v2\/users\/7"}],"replies":[{"embeddable":true,"href":"https:\/\/face.unt.edu.ar\/web\/iadmin\/wp-json\/wp\/v2\/comments?post=2986"}],"version-history":[{"count":1,"href":"https:\/\/face.unt.edu.ar\/web\/iadmin\/wp-json\/wp\/v2\/posts\/2986\/revisions"}],"predecessor-version":[{"id":2987,"href":"https:\/\/face.unt.edu.ar\/web\/iadmin\/wp-json\/wp\/v2\/posts\/2986\/revisions\/2987"}],"wp:attachment":[{"href":"https:\/\/face.unt.edu.ar\/web\/iadmin\/wp-json\/wp\/v2\/media?parent=2986"}],"wp:term":[{"taxonomy":"category","embeddable":true,"href":"https:\/\/face.unt.edu.ar\/web\/iadmin\/wp-json\/wp\/v2\/categories?post=2986"},{"taxonomy":"post_tag","embeddable":true,"href":"https:\/\/face.unt.edu.ar\/web\/iadmin\/wp-json\/wp\/v2\/tags?post=2986"}],"curies":[{"name":"wp","href":"https:\/\/api.w.org\/{rel}","templated":true}]}}