{"id":3019,"date":"2016-10-11T14:25:56","date_gmt":"2016-10-11T14:25:56","guid":{"rendered":"http:\/\/face.unt.edu.ar\/web\/iadmin\/?p=3019"},"modified":"2016-10-11T14:26:38","modified_gmt":"2016-10-11T14:26:38","slug":"cinco-maneras-en-las-que-cambio-apple-a-cinco-anos-de-la-muerte-de-steve-jobs","status":"publish","type":"post","link":"https:\/\/face.unt.edu.ar\/web\/iadmin\/cinco-maneras-en-las-que-cambio-apple-a-cinco-anos-de-la-muerte-de-steve-jobs\/","title":{"rendered":"Cinco maneras en las que cambi\u00f3 Apple a cinco a\u00f1os de la muerte de Steve Jobs"},"content":{"rendered":"<h1>Cinco maneras en las que cambi\u00f3 Apple a cinco a\u00f1os de la muerte de Steve Jobs<\/h1>\n<div class=\"mas-datos\">\n<div class=\"fecha\">VIERNES 07 DE OCTUBRE DE 2016 \u2022 <b>18:24<\/b><\/div>\n<\/div>\n<section id=\"cuerpo\" class=\"floatFix\">\n<div id=\"herramientas-sociales\" class=\"herramientas verticales\"><b><\/b><button class=\"icon-facebook\" title=\"Compartir en Facebook\"><\/button><button class=\"icon-twitter\" title=\"Compartir en Twitter\"><\/button><button id=\"exp-social\" class=\"icon-mas\"><\/button><span class=\"total lf\"><span class=\"livefyre-commentcount\">88<\/span><\/span><button class=\"icon-dialogo\" title=\"Comentarios\"><\/button><\/div>\n<aside class=\"banner caja1\">\n<div id=\"eplAdDivcaja1\"><\/div>\n<\/aside>\n<p class=\"primero\">Cuando el 6 de octubre de 2011 muri\u00f3 <a class=\"tema persona steve-jobs\" title=\"Ver todas las notas de Steve Jobs\" href=\"http:\/\/www.lanacion.com.ar\/steve-jobs-t46817\">Steve Jobs<\/a> a los 56 a\u00f1os, luego de una dura batalla contra el c\u00e1ncer, fueron muchos los que mostraron su pesar p\u00fablicamente. El cofundador de <a class=\"tema persona apple\" title=\"Ver todas las notas de Apple\" href=\"http:\/\/www.lanacion.com.ar\/apple-t426\">Apple<\/a> se convirti\u00f3 en todo un gur\u00fa del mundo de la tecnolog\u00eda y su inspirador \u00faltimo discurso, en una motivaci\u00f3n para muchos, fieles o no a la marca.<\/p>\n<p>\u00abLa muerte es el mejor invento de la vida. Acaba con lo viejo para dar lugar a lo nuevo\u00bb, fueron algunas de las palabras de Jobs.<\/p>\n<aside class=\"banner caja2\">\n<div id=\"eplAdDivcaja2\"><\/div>\n<\/aside>\n<figure class=\"L\">\n<div class=\"conModal f-imagenRelacionada\"><img decoding=\"async\" id=\"imagen_2282239\" class=\"f-sinGif\" src=\"http:\/\/bucket1.glanacion.com\/anexos\/fotos\/39\/2282239w640.jpg\" alt=\"Steve Jobs falleci\u00f3 hace cinco a\u00f1os. \u00bfQu\u00e9 ha cambiado en Apple desde entonces?\" \/><\/div><figcaption id=\"epigrafe2282239\">Steve Jobs falleci\u00f3 hace cinco a\u00f1os. \u00bfQu\u00e9 ha cambiado en Apple desde entonces?. Foto: Getty Images<\/figcaption><div class=\"herramientas floatFix\"><\/div>\n<\/figure>\n<p>Como Mikey Campbell, editor de la publicaci\u00f3n Apple Insider, le cont\u00f3 a BBC Mundo, \u00abJobs trataba a Apple y a sus productos como si fueran sus hijos\u00bb. As\u00ed lo hizo con Lisa, su primera computadora personal, la cual sent\u00f3 las bases para la creaci\u00f3n de Apple Macintosh, la primera con mouse, que despu\u00e9s evolucionar\u00eda en las Mac, las laptop que parecen no pasar de moda.<\/p>\n<aside class=\"banner caja3\">\n<div id=\"eplAdDivcaja3\"><\/div>\n<\/aside>\n<p>Jobs revolucion\u00f3 el mercado de la telefon\u00eda m\u00f3vil con el iPhone, y fue tambi\u00e9n el inventor del iPod. Pero, a cinco a\u00f1os de su muerte \u00bfc\u00f3mo ha evolucionado la compa\u00f1\u00eda? \u00bfQu\u00e9 ha cambiado y qu\u00e9 no?<\/p>\n<h2>1. La marca \u00abm\u00e1s valorada y admirada del mundo\u00bb<\/h2>\n<p>Apple supera Facebook, McDonalds, Coca-Cola y Amazon en cuanto a su valor de marca. Seg\u00fan el informe anual que la consultora de marcas Interbrand elabora sobre las 100 mejores marcas del mundo (Best Global Brands), y que public\u00f3 este mi\u00e9rcoles, Apple es \u00abla marca mejor valorada a nivel mundial\u00bb.<\/p>\n<figure class=\"L\">\n<div class=\"conModal f-imagenRelacionada\"><img decoding=\"async\" id=\"imagen_2282240\" class=\"f-sinGif\" src=\"http:\/\/bucket1.glanacion.com\/anexos\/fotos\/40\/2282240w640.jpg\" alt=\"Apple se coloc\u00f3 a la cabeza del ranking de las empresas m\u00e1s valoradas del mundo.\" \/><\/div><figcaption id=\"epigrafe2282240\">Apple se coloc\u00f3 a la cabeza del ranking de las empresas m\u00e1s valoradas del mundo.. Foto: Getty Images<\/figcaption><div class=\"herramientas floatFix\"><\/div>\n<\/figure>\n<p>De hecho, aument\u00f3 un 5% con respecto al a\u00f1o anterior y, seg\u00fan el an\u00e1lisis, la raz\u00f3n es el ecosistema de sus productos. Y es el cuarto a\u00f1o consecutivo que la firma encabeza el ranking. \u00abLas marcas m\u00e1s fuertes son aquellas que tienen los sistemas de negocio m\u00e1s consistentes. Y Apple lidera en consistencia\u00bb, dijo la consultora.<\/p>\n<p>La firma tambi\u00e9n coron\u00f3 este a\u00f1o la clasificaci\u00f3n de la revista Fortune de las compa\u00f1\u00edas \u00abm\u00e1s admiradas del mundo\u00bb (se coloc\u00f3 en el primer puesto por noveno a\u00f1o consecutivo), por su \u00abcapacidad de innovaci\u00f3n, gesti\u00f3n de personas, uso de activos sociales, solidez financiera y calidad de productos\u00bb, entre otros factores.<\/p>\n<h2>2. Una ca\u00edda y el doble de ingresos<\/h2>\n<p>Apple acaba de sufrir su primera ca\u00edda de ingresos desde 2003, de acuerdo con los datos del \u00faltimo a\u00f1o fiscal (que termin\u00f3 en septiembre). Se debi\u00f3 a la ca\u00edda de las ventas del iPhone por primera vez en nueve a\u00f1os. Algunos analistas dijeron que estaba en un punto de inflexi\u00f3n, potenciado por la p\u00e9rdida de fuerza en China. Pero la empresa es hoy d\u00eda la mayor cotizada del mundo. Y en cinco a\u00f1os ha logrado duplicar sus ingresos.<\/p>\n<figure class=\"L\">\n<div class=\"conModal f-imagenRelacionada\"><img decoding=\"async\" id=\"imagen_2282241\" class=\"f-sinGif\" src=\"http:\/\/bucket2.glanacion.com\/anexos\/fotos\/41\/2282241w640.jpg\" alt=\"Las ventas del iPhone cayeron por primera vez, pero la compa\u00f1\u00eda sigue siendo la de mayor cotizaci\u00f3n del mundo.\" \/><\/div><figcaption id=\"epigrafe2282241\">Las ventas del iPhone cayeron por primera vez, pero la compa\u00f1\u00eda sigue siendo la de mayor cotizaci\u00f3n del mundo.. Foto: Getty Images<\/figcaption><div class=\"herramientas floatFix\"><\/div>\n<\/figure>\n<p>Si, bajo la direcci\u00f3n de Jobs, Apple era una empresa rentable, bajo la de <a class=\"tema persona tim-cook\" title=\"Ver todas las notas de Tim Cook\" href=\"http:\/\/www.lanacion.com.ar\/tim-cook-t48511\">Tim Cook<\/a> es una todav\u00eda m\u00e1s rentable. Como indican desde el sitio tecnol\u00f3gico Xataka, \u00ablos m\u00e1rgenes de los que disfruta Apple son desconocidos en el sector del hardware y se asemejan m\u00e1s a los de compa\u00f1\u00edas de software, como Microsoft\u00bb.<\/p>\n<p>Y es que Apple no vende solo dispositivos. Tambi\u00e9n vende software y servicios, como Siri, iCloud o Apple Music, adem\u00e1s de accesorios, como sus aud\u00edfonos Beats y Airpods, y otros complementos para sus productos. Y hablando de productos \u00bfqu\u00e9 ha cambiado en ese aspecto?<\/p>\n<h2>3. Nuevos productos, \u00bfpoca innovaci\u00f3n?<\/h2>\n<p>Pese a que, desde la llegada de Cook, Apple dispar\u00f3 su gasto en I+D (investigaci\u00f3n y desarrollo), la empresa no ha cambiado demasiado la est\u00e9tica de sus productos en estos cinco a\u00f1os.<\/p>\n<figure class=\"L\">\n<div class=\"conModal f-imagenRelacionada\"><img decoding=\"async\" id=\"imagen_2282242\" class=\"f-sinGif\" src=\"http:\/\/bucket3.glanacion.com\/anexos\/fotos\/42\/2282242w640.jpg\" alt=\"El iPhone, que Steve Jobs present\u00f3 en 2007, sigue siendo el producto estrella de Apple.\" \/><\/div><figcaption id=\"epigrafe2282242\">El iPhone, que Steve Jobs present\u00f3 en 2007, sigue siendo el producto estrella de Apple.. Foto: Getty Images<\/figcaption><div class=\"herramientas floatFix\"><\/div>\n<\/figure>\n<p>Bajo el liderazgo de Jobs, el iPhone y el iPad fueron los grandes lanzamientos. Con Cook llegaron Apple Watch y Apple Music. Las nuevas generaciones de iPhone y iPad, no tienen cambios sustanciales. En cualquier caso, y pese a la reciente ca\u00edda de ventas, el iPhone sigue siendo el producto estrella de la empresa.<\/p>\n<p>Este a\u00f1o, con su s\u00e9ptima generaci\u00f3n, hubo gran revuelo por la eliminaci\u00f3n del conector \u00abjack\u00bb para aud\u00edfonos, uno de los mayores cambios en todo este tiempo, vinculado al lanzamiento de sus aud\u00edfonos inal\u00e1mbricos. Y hay m\u00e1s que est\u00e1n por venir. Entre ellos, se rumorea que pronto veremos Apple Car, el primer auto fabricado por la compa\u00f1\u00eda.<\/p>\n<h2>4. M\u00e1s comprometida con la sociedad<\/h2>\n<p>En este tiempo, Apple se ha tenido que enfrentar a varias situaciones delicadas. Una de las m\u00e1s conocidas fue el enfrentamiento con el FBI, cuando las autoridades quisieron acceder al iPhone usado en los ataques de San Bernardino de 2015.<\/p>\n<figure class=\"L\">\n<div class=\"conModal f-imagenRelacionada\"><img decoding=\"async\" id=\"imagen_2282243\" class=\"f-sinGif\" src=\"http:\/\/bucket1.glanacion.com\/anexos\/fotos\/43\/2282243w640.jpg\" alt=\"Apple hizo una campa\u00f1a para donar parte de sus ventas para la lucha contra el SIDA.\" \/><\/div><figcaption id=\"epigrafe2282243\">Apple hizo una campa\u00f1a para donar parte de sus ventas para la lucha contra el SIDA.. Foto: Getty Images<\/figcaption><div class=\"herramientas floatFix\"><\/div>\n<\/figure>\n<p>Apple ha avanzado en cuanto a responsabilidad social, tomando medidas para mejorar las condiciones de sus trabajadores, campa\u00f1as para luchar contra el VIH y otras para proteger el medio ambiente, invirtiendo grandes cantidades en centros de datos ecol\u00f3gicos.<\/p>\n<p>Adem\u00e1s, utiliza bombillas de bajo consumo e incentiva a sus empleados a que usen transporte p\u00fablico. Y, seg\u00fan el Reputation Institute, ha permanecido como una de las 10 empresas con mejor reputaci\u00f3n por su trabajo social en los \u00faltimos cuatro a\u00f1os.<\/p>\n<h2>5. Apple Maps, la gran metedura de pata<\/h2>\n<p>Como apunta la revista Fortune, Cook tuvo que aceptar en estos a\u00f1os la responsabilidad por algunos errores y disculparse. Y la ocasi\u00f3n m\u00e1s sonada fue el lanzamiento de los mapas que estren\u00f3 con iOS 6, que frustr\u00f3 a muchos clientes por la gran cantidad de fallas y la imprecisi\u00f3n de las localizaciones.<\/p>\n<figure class=\"L\">\n<div class=\"conModal f-imagenRelacionada\"><img decoding=\"async\" id=\"imagen_2282245\" class=\"f-sinGif\" src=\"http:\/\/bucket3.glanacion.com\/anexos\/fotos\/45\/2282245w640.jpg\" alt=\"Tim Cook es hoy d\u00eda el CEO de Apple. \u00bfC\u00f3mo ser\u00eda la empresa hoy d\u00eda si Jobs siguiera vivo?\" \/><\/div><figcaption id=\"epigrafe2282245\">Tim Cook es hoy d\u00eda el CEO de Apple. \u00bfC\u00f3mo ser\u00eda la empresa hoy d\u00eda si Jobs siguiera vivo?. Foto: Getty Images<\/figcaption><\/figure>\n<\/section>\n","protected":false},"excerpt":{"rendered":"<p>Cinco maneras en las que cambi\u00f3 Apple a cinco a\u00f1os de la muerte de Steve Jobs VIERNES 07 DE OCTUBRE DE 2016 \u2022 18:24 88 Cuando el 6 de octubre de 2011 muri\u00f3 Steve Jobs a los 56 a\u00f1os, luego de una dura batalla contra el c\u00e1ncer, fueron muchos los que mostraron su pesar p\u00fablicamente. [&hellip;]<\/p>\n","protected":false},"author":7,"featured_media":0,"comment_status":"open","ping_status":"open","sticky":false,"template":"","format":"standard","meta":{"footnotes":""},"categories":[18],"tags":[],"_links":{"self":[{"href":"https:\/\/face.unt.edu.ar\/web\/iadmin\/wp-json\/wp\/v2\/posts\/3019"}],"collection":[{"href":"https:\/\/face.unt.edu.ar\/web\/iadmin\/wp-json\/wp\/v2\/posts"}],"about":[{"href":"https:\/\/face.unt.edu.ar\/web\/iadmin\/wp-json\/wp\/v2\/types\/post"}],"author":[{"embeddable":true,"href":"https:\/\/face.unt.edu.ar\/web\/iadmin\/wp-json\/wp\/v2\/users\/7"}],"replies":[{"embeddable":true,"href":"https:\/\/face.unt.edu.ar\/web\/iadmin\/wp-json\/wp\/v2\/comments?post=3019"}],"version-history":[{"count":2,"href":"https:\/\/face.unt.edu.ar\/web\/iadmin\/wp-json\/wp\/v2\/posts\/3019\/revisions"}],"predecessor-version":[{"id":3021,"href":"https:\/\/face.unt.edu.ar\/web\/iadmin\/wp-json\/wp\/v2\/posts\/3019\/revisions\/3021"}],"wp:attachment":[{"href":"https:\/\/face.unt.edu.ar\/web\/iadmin\/wp-json\/wp\/v2\/media?parent=3019"}],"wp:term":[{"taxonomy":"category","embeddable":true,"href":"https:\/\/face.unt.edu.ar\/web\/iadmin\/wp-json\/wp\/v2\/categories?post=3019"},{"taxonomy":"post_tag","embeddable":true,"href":"https:\/\/face.unt.edu.ar\/web\/iadmin\/wp-json\/wp\/v2\/tags?post=3019"}],"curies":[{"name":"wp","href":"https:\/\/api.w.org\/{rel}","templated":true}]}}