{"id":3050,"date":"2016-11-21T13:53:08","date_gmt":"2016-11-21T13:53:08","guid":{"rendered":"http:\/\/face.unt.edu.ar\/web\/iadmin\/?p=3050"},"modified":"2016-11-21T13:53:08","modified_gmt":"2016-11-21T13:53:08","slug":"guerras-comerciales-la-leccion-de-los-anos-30","status":"publish","type":"post","link":"https:\/\/face.unt.edu.ar\/web\/iadmin\/guerras-comerciales-la-leccion-de-los-anos-30\/","title":{"rendered":"Guerras comerciales, la lecci\u00f3n de los a\u00f1os 30"},"content":{"rendered":"<div class=\"encabezado-columnista\">\n<h3 style=\"text-align: center\">Guerras comerciales, la lecci\u00f3n de los a\u00f1os 30<\/h3>\n<div class=\"datos floatfix\">\n<div><a href=\"http:\/\/www.lanacion.com.ar\/autor\/juan-carlos-de-pablo-411\">Juan Carlos de Pablo<\/a><\/div>\n<div><span class=\"ln\">Publicado en LA NACION, en:\u00a0http:\/\/www.lanacion.com.ar\/1957596-guerras-comerciales-la-leccion-de-los-anos-30<\/span><\/div>\n<p><a class=\"foto\"><img decoding=\"async\" title=\"Juan Carlos de Pablo\" src=\"http:\/\/bucket1.glanacion.com\/anexos\/fotos\/26\/2089226w180.png\" alt=\"Juan Carlos de Pablo\" \/><\/a><\/div>\n<div class=\"mas-datos\">\n<div class=\"fecha\">DOMINGO 20 DE NOVIEMBRE DE 2016<button class=\"icon-facebook\" title=\"Compartir en Facebook\"><\/button><\/div>\n<div class=\"fecha\"><button class=\"icon-twitter\" title=\"Compartir en Twitter\"><\/button>El triunfo de Donald Trump, en las elecciones presidenciales de Estados Unidos, ha generado muchas preocupaciones. Una de ellas es el cierre de la econom\u00eda del referido pa\u00eds al comercio internacional y a la exportaci\u00f3n de inversiones extranjeras, porque disminuyen los puestos de trabajo y los salarios en EE.UU. y los generan en pa\u00edses como M\u00e9xico y China. \u00bfQu\u00e9 ocurri\u00f3 en la d\u00e9cada de 1930, cuando Estados Unidos aprob\u00f3 la ley Hawley-Smoot?<\/div>\n<\/div>\n<\/div>\n<section id=\"cuerpo\" class=\"floatFix\">Al respecto consult\u00e9 al polaco Tadeusz Mieczyslaw Rybczyinski (1923-1998), quien se inmortaliz\u00f3 en 1955, cuando mostr\u00f3 que cuando aumenta la dotaci\u00f3n de uno de los factores de la producci\u00f3n, si se mantienen los precios relativos de los bienes se contrae en t\u00e9rminos absolutos el nivel de producci\u00f3n del bien que utiliza dicho factor de la producci\u00f3n en forma menos intensiva. Ejemplo: si las galletitas se fabrican con mucha mano de obra y poco capital, y el acero se hace con mucho capital y poca mano de obra, cuando en un pa\u00eds aumenta la dotaci\u00f3n de capital, a los mismos precios relativos de los bienes la producci\u00f3n de galletitas disminuye en t\u00e9rminos absolutos. Seg\u00fan Ronald Winthrop Jones, este hallazgo integra las 4 proposiciones principales de la teor\u00eda real del comercio internacional, junto con el teorema de Heckscher y Ohlin, el de la igualaci\u00f3n del precio de los factores, y el planteado por Stolper y Samuelson.<\/p>\n<aside class=\"banner caja2\">\n<div id=\"eplAdDivcaja2\"><\/div>\n<\/aside>\n<p><b>-La gran crisis de la d\u00e9cada de 1930 comenz\u00f3 como cualquier otra, pero se transform\u00f3 en \u00abla\u00bb crisis. \u00bfQu\u00e9 fue lo que pas\u00f3?<\/b><\/p>\n<p>-Que en Estados Unidos se adoptaron desastrosas decisiones en el plano monetario y en de la pol\u00edtica comercial. La FED de Nueva York fue presidida por Benjamin Strong hasta que falleci\u00f3 en 1928, siendo sucedido por George Leslie Harrison. Este \u00faltimo orient\u00f3 la pol\u00edtica monetaria para abortar la burbuja burs\u00e1til, contrayendo fuertemente la oferta monetaria. Un desastre, porque equivale a meter en un freezer a un paciente que tiene un dedo afiebrado, por una infecci\u00f3n. Baja la temperatura del dedo, pero todo el cuerpo del paciente queda afectado.<\/p>\n<aside class=\"banner caja3\">\n<div id=\"eplAdDivcaja3\"><\/div>\n<\/aside>\n<p><b>-\u00bfY en el plano comercial?<\/b><\/p>\n<p>-En 1928, los senadores Willis C. Hawley y Reed Smoot presentaron un proyecto de ley aumentando los aranceles aduaneros, principalmente agr\u00edcolas, legislaci\u00f3n que por inercia parlamentaria reci\u00e9n fue aprobada en 1930. Es decir, no deriv\u00f3 de la crisis de 1929, pero contribuy\u00f3 a ella, porque gener\u00f3 represalias comerciales por parte de Alemania, Canad\u00e1, Francia e Inglaterra; adem\u00e1s del abandono del patr\u00f3n oro.<\/p>\n<aside class=\"banner caja4\">\n<div id=\"eplAdDivcaja4\"><\/div>\n<\/aside>\n<p><b>-\u00bfPuede ahora ocurrir algo parecido?<\/b><\/p>\n<p>-En la Fed, no. Benjamin Shalom Bernanke diagnostic\u00f3 correctamente el error de pol\u00edtica monetaria cometido durante la d\u00e9cada de 1930, y por consiguiente contribuy\u00f3 a morigerar los efectos de la denominada crisis \u00absubprime\u00bb. Yanet Louise Yellen y Stanley Fischer, actuales presidente y vice del Fed, son tan profesionales como Bernanke, de manera que en este sentido no cabe preocuparse.<\/p>\n<p><b>-\u00bfY en el plano comercial?<\/b><\/p>\n<p>-No est\u00e1 tan claro, pero ni el presidente Trump ni los legisladores de Estados Unidos pueden decidir la pol\u00edtica comercial, pensando que no van a tener que sufrir represalias, particularmente de China. Sus asesores, y los historiadores econ\u00f3micos, har\u00edan bien en mostrarles claramente la costosa experiencia de la d\u00e9cada de 1930.<\/p>\n<p><b>-Datos para preocuparse, entonces, no faltan.<\/b><\/p>\n<p>-Pero lo meramente posible no es suficiente para tomar decisiones. Sugerir\u00eda utilizar el denominado esquema error tipo I, error tipo II. Seg\u00fan el cual, en este caso se equivoca quien adopta sus decisiones pensando que Trump producir\u00e1 un clataclismo comercial mundial, si no se produce; y tambi\u00e9n se equivoca quien las adopta pensando que no se producir\u00e1 el referido cataclismo y resulta que se produce.<\/p>\n<p><b>-Usted, \u00bfqu\u00e9 recomienda?<\/b><\/p>\n<p>-Darle el beneficio de la duda a la cordura. Porque quien abre el paraguas, si luego no llueve, les deja el mercado a sus competidores; mientras que quien no lo abre, si luego llueve, se moja. Ning\u00fan empresario arriesgar\u00e1 dejarles el mercado a sus competidores, y ojal\u00e1 no se equivoque.<\/p>\n<p><b>-Don Tadeo, muchas gracias.<\/b><\/p>\n<\/section>\n","protected":false},"excerpt":{"rendered":"<p>Guerras comerciales, la lecci\u00f3n de los a\u00f1os 30 Juan Carlos de Pablo Publicado en LA NACION, en:\u00a0http:\/\/www.lanacion.com.ar\/1957596-guerras-comerciales-la-leccion-de-los-anos-30 DOMINGO 20 DE NOVIEMBRE DE 2016 El triunfo de Donald Trump, en las elecciones presidenciales de Estados Unidos, ha generado muchas preocupaciones. Una de ellas es el cierre de la econom\u00eda del referido pa\u00eds al comercio internacional y [&hellip;]<\/p>\n","protected":false},"author":7,"featured_media":0,"comment_status":"open","ping_status":"open","sticky":false,"template":"","format":"standard","meta":{"footnotes":""},"categories":[16,17],"tags":[],"_links":{"self":[{"href":"https:\/\/face.unt.edu.ar\/web\/iadmin\/wp-json\/wp\/v2\/posts\/3050"}],"collection":[{"href":"https:\/\/face.unt.edu.ar\/web\/iadmin\/wp-json\/wp\/v2\/posts"}],"about":[{"href":"https:\/\/face.unt.edu.ar\/web\/iadmin\/wp-json\/wp\/v2\/types\/post"}],"author":[{"embeddable":true,"href":"https:\/\/face.unt.edu.ar\/web\/iadmin\/wp-json\/wp\/v2\/users\/7"}],"replies":[{"embeddable":true,"href":"https:\/\/face.unt.edu.ar\/web\/iadmin\/wp-json\/wp\/v2\/comments?post=3050"}],"version-history":[{"count":1,"href":"https:\/\/face.unt.edu.ar\/web\/iadmin\/wp-json\/wp\/v2\/posts\/3050\/revisions"}],"predecessor-version":[{"id":3051,"href":"https:\/\/face.unt.edu.ar\/web\/iadmin\/wp-json\/wp\/v2\/posts\/3050\/revisions\/3051"}],"wp:attachment":[{"href":"https:\/\/face.unt.edu.ar\/web\/iadmin\/wp-json\/wp\/v2\/media?parent=3050"}],"wp:term":[{"taxonomy":"category","embeddable":true,"href":"https:\/\/face.unt.edu.ar\/web\/iadmin\/wp-json\/wp\/v2\/categories?post=3050"},{"taxonomy":"post_tag","embeddable":true,"href":"https:\/\/face.unt.edu.ar\/web\/iadmin\/wp-json\/wp\/v2\/tags?post=3050"}],"curies":[{"name":"wp","href":"https:\/\/api.w.org\/{rel}","templated":true}]}}