{"id":3199,"date":"2017-06-22T11:02:58","date_gmt":"2017-06-22T11:02:58","guid":{"rendered":"http:\/\/face.unt.edu.ar\/web\/iadmin\/?p=3199"},"modified":"2017-06-22T11:05:20","modified_gmt":"2017-06-22T11:05:20","slug":"vii-jornada-de-docentes-del-instituto-de-administracion","status":"publish","type":"post","link":"https:\/\/face.unt.edu.ar\/web\/iadmin\/vii-jornada-de-docentes-del-instituto-de-administracion\/","title":{"rendered":"VII Jornada de Docentes del Instituto de Administraci\u00f3n"},"content":{"rendered":"<p>El d\u00eda Jueves 22 de Junio de 2017 de hs.\u00a018:00 a 21:00 hs. tendr\u00e1 lugar en el Aula 1 de posgrado de la\u00a0Facultad de Ciencias Econ\u00f3micas<\/p>\n<p>la VII Jornada de Docentes del Instituto de Administraci\u00f3n.<\/p>\n<p>Esta jornada que se realiza todos los a\u00f1os, tiene como\u00a0objetivos:<\/p>\n<p>. Presentar la agenda de actividades del Instituto<\/p>\n<p>. Definir en forma conjunta los objetivos del Instituto y de las c\u00e1tedras.<\/p>\n<p>. Elaborar indicadores de gesti\u00f3n del Instituto y de las c\u00e1tedras.<\/p>\n<p><u><\/u><strong><u>Cronograma de actividades:<\/u><\/strong><\/p>\n<table>\n<tbody>\n<tr>\n<td width=\"115\"><strong>Horario<\/strong><\/td>\n<td width=\"461\"><strong>Actividad<\/strong><strong>\u00a0<\/strong><\/td>\n<\/tr>\n<tr>\n<td width=\"115\">18:00<\/td>\n<td width=\"461\">Apertura de Jornada, palabras del Director del Instituto<\/td>\n<\/tr>\n<tr>\n<td width=\"115\">18:30<\/td>\n<td width=\"461\">Introducci\u00f3n te\u00f3rica de objetivos e indicadores<\/td>\n<\/tr>\n<tr>\n<td width=\"115\">19:00<\/td>\n<td width=\"461\">Trabajo en grupos sobre objetivos e indicadores<\/td>\n<\/tr>\n<tr>\n<td width=\"115\">20:00<\/td>\n<td width=\"461\">Plenario del trabajo grupal<\/td>\n<\/tr>\n<tr>\n<td width=\"115\">20:45<\/td>\n<td width=\"461\">Palabras de despedida y entrega de recordatorio a jubilados<\/td>\n<\/tr>\n<tr>\n<td width=\"115\">21:00<\/td>\n<td width=\"461\">Cena<\/td>\n<\/tr>\n<\/tbody>\n<\/table>\n<p>&nbsp;<\/p>\n","protected":false},"excerpt":{"rendered":"<p>El d\u00eda Jueves 22 de Junio de 2017 de hs.\u00a018:00 a 21:00 hs. tendr\u00e1 lugar en el Aula 1 de posgrado de la\u00a0Facultad de Ciencias Econ\u00f3micas la VII Jornada de Docentes del Instituto de Administraci\u00f3n. Esta jornada que se realiza todos los a\u00f1os, tiene como\u00a0objetivos: . Presentar la agenda de actividades del Instituto . Definir [&hellip;]<\/p>\n","protected":false},"author":9,"featured_media":3200,"comment_status":"open","ping_status":"open","sticky":false,"template":"","format":"standard","meta":{"footnotes":""},"categories":[4,14,1],"tags":[],"_links":{"self":[{"href":"https:\/\/face.unt.edu.ar\/web\/iadmin\/wp-json\/wp\/v2\/posts\/3199"}],"collection":[{"href":"https:\/\/face.unt.edu.ar\/web\/iadmin\/wp-json\/wp\/v2\/posts"}],"about":[{"href":"https:\/\/face.unt.edu.ar\/web\/iadmin\/wp-json\/wp\/v2\/types\/post"}],"author":[{"embeddable":true,"href":"https:\/\/face.unt.edu.ar\/web\/iadmin\/wp-json\/wp\/v2\/users\/9"}],"replies":[{"embeddable":true,"href":"https:\/\/face.unt.edu.ar\/web\/iadmin\/wp-json\/wp\/v2\/comments?post=3199"}],"version-history":[{"count":3,"href":"https:\/\/face.unt.edu.ar\/web\/iadmin\/wp-json\/wp\/v2\/posts\/3199\/revisions"}],"predecessor-version":[{"id":3203,"href":"https:\/\/face.unt.edu.ar\/web\/iadmin\/wp-json\/wp\/v2\/posts\/3199\/revisions\/3203"}],"wp:featuredmedia":[{"embeddable":true,"href":"https:\/\/face.unt.edu.ar\/web\/iadmin\/wp-json\/wp\/v2\/media\/3200"}],"wp:attachment":[{"href":"https:\/\/face.unt.edu.ar\/web\/iadmin\/wp-json\/wp\/v2\/media?parent=3199"}],"wp:term":[{"taxonomy":"category","embeddable":true,"href":"https:\/\/face.unt.edu.ar\/web\/iadmin\/wp-json\/wp\/v2\/categories?post=3199"},{"taxonomy":"post_tag","embeddable":true,"href":"https:\/\/face.unt.edu.ar\/web\/iadmin\/wp-json\/wp\/v2\/tags?post=3199"}],"curies":[{"name":"wp","href":"https:\/\/api.w.org\/{rel}","templated":true}]}}