{"id":3237,"date":"2017-08-09T13:57:40","date_gmt":"2017-08-09T13:57:40","guid":{"rendered":"http:\/\/face.unt.edu.ar\/web\/iadmin\/?p=3237"},"modified":"2017-08-09T13:57:40","modified_gmt":"2017-08-09T13:57:40","slug":"llegan-destacados-economistas-para-el-tributo-a-elias","status":"publish","type":"post","link":"https:\/\/face.unt.edu.ar\/web\/iadmin\/llegan-destacados-economistas-para-el-tributo-a-elias\/","title":{"rendered":"Llegan destacados economistas para el tributo a El\u00edas"},"content":{"rendered":"<div class=\"col-lg-12 col-md-12 col-sm-12\">\n<h1>Llegan destacados economistas para el tributo a El\u00edas<\/h1>\n<\/div>\n<div id=\"parent_1\" class=\"col-lg-8 col-md-12 col-sm-12\">\n<h2>Arnold Haberger dictar\u00e1 una conferencia.<\/h2>\n<div class=\"info\">Publicado en La Gaceta, Tucum\u00e1n, 08 Ago 2017, en:\u00a0http:\/\/www.lagaceta.com.ar\/nota\/740042\/actualidad\/llegan-destacados-economistas-para-tributo-elias.html<\/p>\n<div class=\"clear\"><\/div>\n<\/div>\n<div class=\"image\">\n<div id=\"demo-test-gallery\" class=\"demo-gallery\"><a class=\"\" href=\"http:\/\/img.lagaceta.com.ar\/fotos\/notas\/2017\/08\/08\/740042_201708072145000000001.jpg\"><img decoding=\"async\" src=\"http:\/\/img.lagaceta.com.ar\/fotos\/notas\/2017\/08\/08\/740042_201708072145000000001.jpg\" \/><\/a><\/div>\n<div class=\"imgFoot\">\u00a0Economistas de la talla de\u00a0<b>Arnold Harberger<\/b>\u00a0(Universidad de California),\u00a0<b>Miguel \u00c1ngel Broda<\/b>,\u00a0<b>Ricardo Arriazu<\/b>\u00a0y\u00a0<b>Carlos Rodr\u00edguez<\/b>\u00a0se dar\u00e1n cita en Tucum\u00e1n ma\u00f1ana para participar de la Conferencia sobre \u201cDesarrollo Econ\u00f3mico\u201d que se realizar\u00e1 en homenaje al economista tucumano\u00a0<b>V\u00edctor Jorge El\u00edas<\/b>.<\/div>\n<\/div>\n<div class=\"newsBody\">\n<p>El encuentro, que se realizar\u00e1 de 9 a 19, tendr\u00e1 lugar en el Teatro Municipal Rosita \u00c1vila (Las Piedras 1.500) y durante la jornada los economistas presentar\u00e1n distintos trabajos acad\u00e9micos. Al final del encuentro, El\u00edas presentar\u00e1 la conferencia \u201cLas fuentes del Crecimiento Econ\u00f3mico en los desequilibrios\u201d. En la oportunidad, actuar\u00e1 como moderadora la economista\u00a0<b>Silvana Tenreyro<\/b>.<\/p>\n<p>El destacado economista graduado en la Universidad de Chicago, tambi\u00e9n ser\u00e1 reconocido como \u201cCiudadano ilustre\u201d por el intendente\u00a0<b>Germ\u00e1n Alfaro<\/b>.<\/p>\n<div class=\"add in\">\u00a0<b>Merecido tributo<\/b><\/div>\n<p>\u201cEste es un merecido reconocimiento al \u2018Turco\u2019, como lo conocemos dentro de la profesi\u00f3n, por la important\u00edsima labor que a lo largo de m\u00e1s de medio siglo desarroll\u00f3 en la investigaci\u00f3n econ\u00f3mica aplicada y en la docencia en la Universidad Nacional de Tucum\u00e1n (UNT)\u201d, se\u00f1al\u00f3 el economista\u00a0<b>Juan Carlos de Pablo<\/b>\u00a0en una nota publicada por La Naci\u00f3n. \u201cMe gusta definirlo como un t\u00edpico economista de un solo tema, como tambi\u00e9n lo fueron Leontief, North y Tirole, a diferencia de Hicks, Samuelson y Tobin, economistas multifac\u00e9ticos. \u00c9l me corrige diciendo que es un economista de una sola herramienta, la contabilidad del crecimiento; t\u00e9cnica que descompone la tasa de crecimiento de un pa\u00eds en t\u00e9rminos de variaciones de cantidad y calidad de los factores productivos y cambio tecnol\u00f3gico, lo cual permite entender mejor por qu\u00e9 crece el PBI de un pa\u00eds o una regi\u00f3n. Naturalmente que para aplicar esa herramienta en la Argentina El\u00edas tuvo que adaptarla para analizar la contabilidad del estancamiento y de la recesi\u00f3n\u201d, a\u00f1adi\u00f3 de Pablo.<\/p>\n<p>El economista tambi\u00e9n habl\u00f3 del encuentro de ma\u00f1ana. \u201cEn una verdadera marat\u00f3n de 10 horas de duraci\u00f3n presentar\u00e1n trabajos ex alumnos que hoy se desempe\u00f1an en el \u00e1mbito acad\u00e9mico y en instituciones internacionales. Adem\u00e1s, hablar\u00e1 Arnold Carl Harberger, quien a los 93 a\u00f1os sigue vigoroso y l\u00facido. Habr\u00e1 emoci\u00f3n, seguramente, en la porci\u00f3n formal del encuentro, pero mucha m\u00e1s en el desayuno, el almuerzo y la cena; en el aeropuerto, en los pasillos. Todos queriendo saludar al homenajeado y fotografiarse con \u00e9l\u201d, agreg\u00f3.<\/p>\n<p>El encuentro es organizado por el Instituto de Investigaciones Econ\u00f3micas (Inveco) y la comisi\u00f3n organizadora est\u00e1 integrada por\u00a0<b>Ana Mar\u00eda Cerro<\/b>,\u00a0<b>Julio El\u00edas<\/b>,\u00a0<b>Osvaldo Meloni<\/b>,\u00a0<b>Juan Pablo Nicolini<\/b>\u00a0y la misma Silvana Tenreyro.<\/p>\n<\/div>\n<\/div>\n","protected":false},"excerpt":{"rendered":"<p>Llegan destacados economistas para el tributo a El\u00edas Arnold Haberger dictar\u00e1 una conferencia. Publicado en La Gaceta, Tucum\u00e1n, 08 Ago 2017, en:\u00a0http:\/\/www.lagaceta.com.ar\/nota\/740042\/actualidad\/llegan-destacados-economistas-para-tributo-elias.html \u00a0Economistas de la talla de\u00a0Arnold Harberger\u00a0(Universidad de California),\u00a0Miguel \u00c1ngel Broda,\u00a0Ricardo Arriazu\u00a0y\u00a0Carlos Rodr\u00edguez\u00a0se dar\u00e1n cita en Tucum\u00e1n ma\u00f1ana para participar de la Conferencia sobre \u201cDesarrollo Econ\u00f3mico\u201d que se realizar\u00e1 en homenaje al economista tucumano\u00a0V\u00edctor [&hellip;]<\/p>\n","protected":false},"author":7,"featured_media":0,"comment_status":"open","ping_status":"open","sticky":false,"template":"","format":"standard","meta":{"footnotes":""},"categories":[16,17],"tags":[],"_links":{"self":[{"href":"https:\/\/face.unt.edu.ar\/web\/iadmin\/wp-json\/wp\/v2\/posts\/3237"}],"collection":[{"href":"https:\/\/face.unt.edu.ar\/web\/iadmin\/wp-json\/wp\/v2\/posts"}],"about":[{"href":"https:\/\/face.unt.edu.ar\/web\/iadmin\/wp-json\/wp\/v2\/types\/post"}],"author":[{"embeddable":true,"href":"https:\/\/face.unt.edu.ar\/web\/iadmin\/wp-json\/wp\/v2\/users\/7"}],"replies":[{"embeddable":true,"href":"https:\/\/face.unt.edu.ar\/web\/iadmin\/wp-json\/wp\/v2\/comments?post=3237"}],"version-history":[{"count":1,"href":"https:\/\/face.unt.edu.ar\/web\/iadmin\/wp-json\/wp\/v2\/posts\/3237\/revisions"}],"predecessor-version":[{"id":3238,"href":"https:\/\/face.unt.edu.ar\/web\/iadmin\/wp-json\/wp\/v2\/posts\/3237\/revisions\/3238"}],"wp:attachment":[{"href":"https:\/\/face.unt.edu.ar\/web\/iadmin\/wp-json\/wp\/v2\/media?parent=3237"}],"wp:term":[{"taxonomy":"category","embeddable":true,"href":"https:\/\/face.unt.edu.ar\/web\/iadmin\/wp-json\/wp\/v2\/categories?post=3237"},{"taxonomy":"post_tag","embeddable":true,"href":"https:\/\/face.unt.edu.ar\/web\/iadmin\/wp-json\/wp\/v2\/tags?post=3237"}],"curies":[{"name":"wp","href":"https:\/\/api.w.org\/{rel}","templated":true}]}}