{"id":3394,"date":"2017-11-30T13:42:11","date_gmt":"2017-11-30T13:42:11","guid":{"rendered":"http:\/\/face.unt.edu.ar\/web\/iadmin\/?p=3394"},"modified":"2017-11-30T13:42:11","modified_gmt":"2017-11-30T13:42:11","slug":"son-hermanas-empezaron-su-emprendimiento-con-dinero-prestado-y-hoy-facturan-10-millones","status":"publish","type":"post","link":"https:\/\/face.unt.edu.ar\/web\/iadmin\/son-hermanas-empezaron-su-emprendimiento-con-dinero-prestado-y-hoy-facturan-10-millones\/","title":{"rendered":"Son hermanas, empezaron su emprendimiento con dinero prestado y hoy facturan $ 10 millones"},"content":{"rendered":"<h2>Son hermanas, empezaron su emprendimiento con dinero prestado y hoy facturan $ 10 millones<\/h2>\n<p class=\"bajada\">Se trata de Agustina, Victoria y Sara Estrada quienes se unieron para fabricar bolsos y mochilas para ir al trabajo, andar en bicicleta o viajar<\/p>\n<div class=\"mas-datos con-firma\">\n<div class=\"fecha\">Publicado en LA NACI\u00d3N, JUEVES 30 DE NOVIEMBRE DE 2017 , Recuperado en:\u00a0http:\/\/www.lanacion.com.ar\/2086456-son-hermanas-empezaron-su-emprendimiento-con-dinero-prestado-y-hoy-facturan-10-millones<\/div>\n<div class=\"columnista\">\n<div><a href=\"http:\/\/www.lanacion.com.ar\/autor\/maria-julieta-rumi-9693\">Mar\u00eda Julieta Rumi<\/a><\/div>\n<\/div>\n<\/div>\n<section id=\"cuerpo\" class=\"floatFix b-primer-parrafo\">\n<figure class=\"primer-parrafo conModal\">\n<div class=\" f-imagenRelacionada\"><img decoding=\"async\" id=\"imagen_2579960\" class=\"f-sinGif\" src=\"http:\/\/bucket1.glanacion.com\/anexos\/fotos\/60\/emprendedores-2579960w620.jpg\" alt=\"Las hermanas Estrada, due\u00f1as de Legi\u00f3n Extranjera\" \/><\/div><figcaption id=\"epigrafe2579960\">Las hermanas Estrada, due\u00f1as de Legi\u00f3n Extranjera.<\/figcaption><div class=\"herramientas floatFix\"><\/div>\n<\/figure>\n<p>\u00abLos hermanos sean unidos, porque esa es la ley primera\u00bb, dec\u00eda Jos\u00e9 Hern\u00e1ndez en \u00abEl gaucho Mart\u00edn Fierro\u00bb y las hermanas Estrada siguen su mandato. Con diversos saberes en sus espaldas, Sara, Agustina y Victoria se aventuraron y decidieron asociarse a fines de 2014 para crear unas mochilas que acompa\u00f1aran un estilo de vida m\u00e1s descontracturado, bajo la marca \u00abLegi\u00f3n Extranjera\u00bb. En una primera tanda hicieron 300 unidades gracias a las facilidades de pago que les dio una f\u00e1brica, pero, a los tres meses y con todo vendido, sextuplicaron e hicieron una segunda tanda de 1800. A tres a\u00f1os de comenzar, prev\u00e9n cerrar el a\u00f1o con 12.000 unidades producidas y una facturaci\u00f3n de $ 10 millones.<\/p>\n<aside class=\"banner caja2\">\n<div id=\"eplAdDivcaja2\">\u00abA fines de 2014 mi hermana Agustina se fue a vivir a Salta y como est\u00e1bamos con tiempo libre dijimos \u00ab\u00bfPor qu\u00e9 no hacemos algo juntas?\u00bb. Justo en ese momento estaba en auge el tema de las bicisendas y pensamos en unas mochilas que acompa\u00f1aran la movida con un nuevo estilo descontracturado para la gente que despu\u00e9s del trabajo quiere juntarse con amigos o ir al gimnasio\u00bb, cont\u00f3 Victoria Estrada, que hoy tiene 30 a\u00f1os y es dise\u00f1adora industrial.<\/div>\n<\/aside>\n<p>Victoria es la menor de las tres, seguida de Agustina, de 33 a\u00f1os, que estudi\u00f3 administraci\u00f3n de empresas, y Sara, de 35, que es economista. Seg\u00fan explic\u00f3, desde que comenzaron el proyecto decidieron que iban a ocuparse de la comercializaci\u00f3n y el marketing, mientras que la producci\u00f3n se la iban a encargar a una f\u00e1brica tambi\u00e9n familiar: Shimoda S. A, en el barrio porte\u00f1o de Barracas.<\/p>\n<aside class=\"banner caja3\">\n<div id=\"eplAdDivcaja3\">\u00abHicimos un primer prototipo de mochila y en la f\u00e1brica se re engancharon. Nosotras les dijimos que quer\u00edamos hacer 50 y ellos nos dijeron que m\u00ednimo ten\u00edamos que hacer 50 de cada color, con lo cual fuimos por 300. Nos entusiasmamos y cuando nos pasaron el precio no ten\u00edamos la plata. Entonces nos dijeron \u00abbueno, v\u00e9ndanlas y despu\u00e9s nos devuelven\u00bb\u00bb, record\u00f3 Victoria.<\/div>\n<\/aside>\n<figure class=\"L\">\n<div class=\"conModal f-imagenRelacionada\"><img decoding=\"async\" id=\"imagen_2579282\" class=\"f-sinGif\" src=\"http:\/\/bucket3.glanacion.com\/anexos\/fotos\/82\/emprendedores-2579282w640.jpg\" \/><\/div><figcaption id=\"epigrafe2579282\">Foto: Facebook Legi\u00f3n Extranjera<\/figcaption><div class=\"herramientas floatFix\"><\/div>\n<\/figure>\n<aside class=\"banner caja4\">\n<div id=\"eplAdDivcaja4\">Con este compromiso las hermanas se anticiparon a la salida a la venta en octubre de 2014 y empezaron a promocionar antes las mochilas cuesti\u00f3n que en tres meses ten\u00edan vendidas las 300 y, cuando volvieron a invertir en febrero de 2015, pidieron que les fabricaran 1800. Sin embargo, a mediados de ese a\u00f1o tuvieron un inconveniente y, ante una reactivaci\u00f3n del consumo, se quedaron sin stock. \u00abDesde el principio dijimos que nos \u00edbamos a capacitar como empresa tecnol\u00f3gica porque no ten\u00edamos capital. En las ventas nos apoyamos en Mercado Libre y tambi\u00e9n somos socios de la CACE (C\u00e1mara Argentina de Comercio Electr\u00f3nico) que nos recomend\u00f3 un programa que integra las ventas con las mercader\u00edas\u00bb, explic\u00f3.<\/div>\n<\/aside>\n<p>\u00abNos dimos cuenta de la importancia de con qui\u00e9n te asocias. Tenemos un v\u00ednculo de confianza con los proveedores y los clientes, y, si hay alg\u00fan problema, lo arreglamos. Tener la f\u00e1brica cerca tambi\u00e9n nos hace m\u00e1s eficientes y flexibles porque podemos ir probando productos haciendo pocas unidades. No est\u00e1 mal que vengan marcas de afuera, confiamos en nuestro producto\u00bb, agreg\u00f3.<\/p>\n<h2>Todo queda en familia<\/h2>\n<p>Mientras que para otras personas trabajar en familia podr\u00eda ser un suplicio, Victoria dijo que verse todos los d\u00edas con Agustina y Sara las vuelve \u00abm\u00e1s unidas\u00bb, adem\u00e1s de que cada una hace un aporte distinto al negocio. Pero, como si no bastara con tres, tienen otros tres hermanos: una que estudia derecho, otra que es psic\u00f3loga y el hermano mayor, que es economista y tambi\u00e9n particip\u00f3 en el emprendimiento asesor\u00e1ndolas con el cash flow cuando tuvieron que sacar pr\u00e9stamos para seguir invirtiendo en producci\u00f3n.<\/p>\n<p>\u00abEste a\u00f1o super\u00f3 nuestras expectativas: solamente en 2017 producimos 12 mil unidades, tuvimos un crecimiento de las ventas online del 300% y una facturaci\u00f3n aproximada de $ 10 millones. Estamos ampliando las categor\u00edas siguiendo las demandas de nuestros clientes y tenemos grandes proyectos e ilusiones para todo lo que viene\u00bb, asegur\u00f3 la co-fundadora.<\/p>\n<\/section>\n","protected":false},"excerpt":{"rendered":"<p>Son hermanas, empezaron su emprendimiento con dinero prestado y hoy facturan $ 10 millones Se trata de Agustina, Victoria y Sara Estrada quienes se unieron para fabricar bolsos y mochilas para ir al trabajo, andar en bicicleta o viajar Publicado en LA NACI\u00d3N, JUEVES 30 DE NOVIEMBRE DE 2017 , Recuperado en:\u00a0http:\/\/www.lanacion.com.ar\/2086456-son-hermanas-empezaron-su-emprendimiento-con-dinero-prestado-y-hoy-facturan-10-millones Mar\u00eda Julieta Rumi [&hellip;]<\/p>\n","protected":false},"author":7,"featured_media":0,"comment_status":"open","ping_status":"open","sticky":false,"template":"","format":"standard","meta":{"footnotes":""},"categories":[16,17],"tags":[],"_links":{"self":[{"href":"https:\/\/face.unt.edu.ar\/web\/iadmin\/wp-json\/wp\/v2\/posts\/3394"}],"collection":[{"href":"https:\/\/face.unt.edu.ar\/web\/iadmin\/wp-json\/wp\/v2\/posts"}],"about":[{"href":"https:\/\/face.unt.edu.ar\/web\/iadmin\/wp-json\/wp\/v2\/types\/post"}],"author":[{"embeddable":true,"href":"https:\/\/face.unt.edu.ar\/web\/iadmin\/wp-json\/wp\/v2\/users\/7"}],"replies":[{"embeddable":true,"href":"https:\/\/face.unt.edu.ar\/web\/iadmin\/wp-json\/wp\/v2\/comments?post=3394"}],"version-history":[{"count":1,"href":"https:\/\/face.unt.edu.ar\/web\/iadmin\/wp-json\/wp\/v2\/posts\/3394\/revisions"}],"predecessor-version":[{"id":3395,"href":"https:\/\/face.unt.edu.ar\/web\/iadmin\/wp-json\/wp\/v2\/posts\/3394\/revisions\/3395"}],"wp:attachment":[{"href":"https:\/\/face.unt.edu.ar\/web\/iadmin\/wp-json\/wp\/v2\/media?parent=3394"}],"wp:term":[{"taxonomy":"category","embeddable":true,"href":"https:\/\/face.unt.edu.ar\/web\/iadmin\/wp-json\/wp\/v2\/categories?post=3394"},{"taxonomy":"post_tag","embeddable":true,"href":"https:\/\/face.unt.edu.ar\/web\/iadmin\/wp-json\/wp\/v2\/tags?post=3394"}],"curies":[{"name":"wp","href":"https:\/\/api.w.org\/{rel}","templated":true}]}}