{"id":3414,"date":"2017-12-11T13:46:59","date_gmt":"2017-12-11T13:46:59","guid":{"rendered":"http:\/\/face.unt.edu.ar\/web\/iadmin\/?p=3414"},"modified":"2017-12-11T13:55:24","modified_gmt":"2017-12-11T13:55:24","slug":"millennials-versus-centennials-parecidos-pero-diferentes","status":"publish","type":"post","link":"https:\/\/face.unt.edu.ar\/web\/iadmin\/millennials-versus-centennials-parecidos-pero-diferentes\/","title":{"rendered":"Millennials versus centennials, parecidos, pero diferentes"},"content":{"rendered":"<h1>Millennials versus centennials, parecidos, pero diferentes<\/h1>\n<p class=\"bajada\">La nueva generaci\u00f3n conf\u00eda en el autoaprendizaje y busca un futuro profesional en empresas; los m\u00e1s grandes usan la tecnolog\u00eda como herramienta de automarketing y son emprededores<\/p>\n<div class=\"mas-datos con-firma\">\n<div class=\"fecha\">Publicado en La Naci\u00f3n, DOMINGO 10 DE DICIEMBRE DE 2017. Recuperado en:\u00a0http:\/\/www.lanacion.com.ar\/2089683-millennials-versus-centennials-parecidos-pero-diferentes<\/div>\n<div class=\"columnista\">\n<div><a href=\"http:\/\/www.lanacion.com.ar\/autor\/loris-maria-bestani-9377\">Loris Mar\u00eda Bestani<\/a><\/div>\n<\/div>\n<\/div>\n<section id=\"cuerpo\" class=\"floatFix b-primer-parrafo\">\n<figure class=\"primer-parrafo conModal\">\n<div class=\" f-imagenRelacionada\"><img decoding=\"async\" id=\"imagen_2586901\" class=\"f-sinGif\" src=\"http:\/\/bucket2.glanacion.com\/anexos\/fotos\/01\/2586901w620.jpg\" \/><\/div><figcaption id=\"epigrafe2586901\">Foto: Max Aguirre<\/figcaption><div class=\"herramientas floatFix\"><\/div>\n<\/figure>\n<p class=\"primero\">Cuando todav\u00eda estamos descifrando algunos c\u00f3digos de los<i>\u00a0<\/i>millennials\u00a0o Generaci\u00f3n Y (los j\u00f3venes nacidos entre 1980 y 1995) avanza sobre el mercado laboral -y sobre la escena- una generaci\u00f3n m\u00e1s joven, la de los\u00a0centennials\u00a0o Generaci\u00f3n Z (nacidos entre 1995 y 2010), que viene con un kit de h\u00e1bitos bien propios, aunque tambi\u00e9n comparta algunos con los \u00abviejos\u00bb\u00a0millennials.<\/p>\n<aside class=\"banner caja2\">\n<div id=\"eplAdDivcaja2\">Es verdad que todo corte demogr\u00e1fico puede resultar arbitrario y reduccionista, pero tambi\u00e9n es cierto que los j\u00f3venes nacidos en una misma \u00e9poca tienen mucho m\u00e1s en com\u00fan que lo que los separa. Y lo que parecer\u00eda unificar a los\u00a0centennials, as\u00ed bautizados por la consultora Kantar Futures, es que son hijos sin fisuras de la digitalizaci\u00f3n, que despertaron a un mundo con turbulencias econ\u00f3micas y sociales, y que quiz\u00e1 como consecuencia combinan una actitud de libertad y empoderamiento con un fuerte sentido de responsabilidad.<\/div>\n<\/aside>\n<p>Por otro lado son tantas las opciones que parecer\u00edan tener al alcance por la tecnolog\u00eda omnipresente, que justamente por eso muchos sufren miedo a equivocarse.<\/p>\n<aside class=\"banner caja3\">\n<div id=\"eplAdDivcaja3\">\n<div id=\"eplAdDiv1e84516a8af669b2\">Seg\u00fan el informe New Kids On The Block. Millennials &amp; Centennials Primer, publicado por Bank of America Merrill Lynch, si se incluyen ambas generaciones, el 88% vive en mercados emergentes, el 90% tiene un\u00a0smartphoney durante 2025 controlar\u00e1n el 47% de los fondos del planeta. A su vez representan alrededor del 30% de la poblaci\u00f3n mundial.<\/div>\n<\/div>\n<\/aside>\n<h2>C\u00f3mo reconocerlos<\/h2>\n<p>Seg\u00fan un reciente estudio de la consultora Trendsity, la tecnolog\u00eda atraviesa a la Generaci\u00f3n Z desde su nacimiento hasta el punto de cambiarle las nociones de lo p\u00fablico y lo privado, del\u00a0online\u00a0y el\u00a0offline. \u00abPara ellos se trata de un todo integrado. El uso cotidiano de Internet ha modificado sustancialmente su forma de relacionarse, de informarse, de escribir y de hablar\u00bb, explica Mariela Mociulsky, directora de Trendsity. \u00abCon el\u00a0smartphone\u00a0como el centro de sus vidas, el\u00a0multitasking\u00a0es para los\u00a0centennials\u00a0un h\u00e1bito cotidiano: desde ah\u00ed planifican, consultan, buscan, se relacionan y se divierten\u00bb, a\u00f1ade la especialista.<\/p>\n<aside class=\"banner caja4\">\n<div id=\"eplAdDivcaja4\">\u00a0En una nota del New York Times de Alex Williams, Hannah Payne, estudiante de UCLA y\u00a0blogger\u00a0de estilo de vida, cuenta en relaci\u00f3n al\u00a0multitasking: \u00abYo puedo crear un documento, editarlo, subir una foto a Instagram y hablar por tel\u00e9fono casi simult\u00e1neamente gracias a la interfaz de mi iPhone\u00bb.<\/div>\n<\/aside>\n<p>\u00abLos\u00a0centennials\u00a0son la primera generaci\u00f3n verdaderamente nacida en la era de la informaci\u00f3n\u00bb, afirma por su parte Rogelio Uma\u00f1a, consultor en comunicaci\u00f3n y redes sociales radicado en Costa Rica. Muchos\u00a0millennials, los mayores de 30 a\u00f1os de hecho, vivieron una infancia sin Internet. \u00abPero la Generaci\u00f3n Z es otra historia. Como promedio tuvieron su primer\u00a0smartphone\u00a0a los 9 o 10 a\u00f1os, y por eso no es casual que sean la generaci\u00f3n que m\u00e1s se conecta por celular\u00bb, agrega el consultor.<\/p>\n<p>\u00abUso el celular casi todo el d\u00eda; estoy todo el tiempo mirando Instagram o hablando por WhatsApp\u00bb, cuenta al respecto Teresa, estudiante de Administraci\u00f3n de Empresas de la UCA, de 19 a\u00f1os. \u00abSiento que absorbe gran parte de mi d\u00eda, especialmente Instagram; WhatsApp lo considero una muy buena herramienta de comunicaci\u00f3n\u00bb, reflexiona.<\/p>\n<p>Por su lado, la revista de tendencias americana Wired destaca hasta qu\u00e9 punto la digitalizaci\u00f3n estructura la psiquis de la nueva generaci\u00f3n. \u00abLos\u00a0centennials\u00a0ven su identidad como una composici\u00f3n curatorial (sobre la base de\u00a0selfies)\u00bb, afirma Henri Gendreau utilizando la definici\u00f3n de la empresa de\u00a0marketingFutureCast. \u00abCambiar su identidad exterior s\u00f3lo requiere subir algo nuevo a Instagram\u00bb, a\u00f1ade.<\/p>\n<p>Las pinceladas que hace el periodista de los gustos de estos j\u00f3venes nos permiten identificarlos al vuelo. \u00abUsan cinco pantallas a la vez; prefieren los\u00a0influencers\u00a0de YouTube a las celebridades de Hollywood; aman Snapchat, y borran fotos de Instagram para optimizar el\u00a0ratio\u00a0de\u00a0likes\u00bb, sintetiza.<\/p>\n<p>Uma\u00f1a tambi\u00e9n recalca que los\u00a0centennials\u00a0usan Facebook s\u00f3lo como una fuente de informaci\u00f3n, porque ahora prefieren plataformas creativas como Instagram y aplicaciones de mensajer\u00eda ef\u00edmeras o an\u00f3nimas como Snapchat.<\/p>\n<p>Siempre v\u00eda Internet, la Generaci\u00f3n Z prefiere la acci\u00f3n a la observaci\u00f3n. GeneracionS, el sitio franc\u00e9s intergeneracional corporativo, interpreta a los\u00a0centennials\u00a0desde otro lugar. Sostiene que usan Internet no tanto para mostrarse como sus predecesores, sino m\u00e1s bien como una herramienta para hacer cosas. Adem\u00e1s, dice, prefieren crear a copiar porque les interesa m\u00e1s producir que s\u00f3lo compartir. Al usar tantas im\u00e1genes, en ellos el lenguaje visual pasa a reemplazar las conversaciones escritas y la expresi\u00f3n de emociones.<\/p>\n<p>A diferencia de los\u00a0millennials, los\u00a0centennials\u00a0son una generaci\u00f3n que naci\u00f3 a la sombra de la crisis econ\u00f3mica, con un mercado laboral en constante fluctuaci\u00f3n. \u00abLos\u00a0millennials\u00a0dentro de todo crecieron en los tiempos del boom y la paz relativa de los 90 hasta que su mundo se hizo trizas con el 11 de septiembre, y los derrumbes econ\u00f3micos de 2000 y 2008; por eso su historia es la de la inocencia perdida\u00bb, afirma Williams en el New York Times. Por contraste, la Generaci\u00f3n Z abri\u00f3 los ojos a un mundo ya en plena guerra al terror y la recesi\u00f3n. Entrevista a una chica que est\u00e1 a punto de terminar el secundario que hab\u00eda so\u00f1ado con hacer una carrera en la moda, pero que eligi\u00f3 en cambio estudiar Derecho porque le resultaba m\u00e1s seguro. \u00abNuestro optimismo fue reemplazado hace tiempo por un pragmatismo\u00bb, argumenta.<\/p>\n<p>Con una preocupaci\u00f3n similar, Teresa no se demor\u00f3 en buscar una pasant\u00eda en Buenos Aires. \u00abQuer\u00eda empezar a trabajar cuanto antes porque s\u00e9 que es casi m\u00e1s importante que la carrera que estoy cursando\u00bb, expresa. Por su parte, Juan, colombiano de 21 a\u00f1os vive en Buenos Aires, est\u00e1 estudiando Recursos Humanos y quiere entrar a un programa de j\u00f3venes profesionales de una empresa grande. Como afirman en Glocal Thinking, los\u00a0centennials\u00a0muestran por lo general una preocupaci\u00f3n por sus opciones laborales y una actitud m\u00e1s realista que la generaci\u00f3n anterior.<\/p>\n<p>\u00abOtro preconcepto respecto de esta generaci\u00f3n es que no planifica a largo plazo y que no le interesa el dinero\u00bb, afirman desde Trendsity. La simultaneidad que acarrea su impronta tecnol\u00f3gica har\u00eda pensar que est\u00e1n anclados solamente en el presente y que no tienen ning\u00fan inter\u00e9s en comprometerse. \u00abEncontramos que los\u00a0centennials\u00a0persiguen la realizaci\u00f3n personal y que valoran el dinero como forma de reconocimiento\u00bb, se sorprenden en Trendsity. Y agregan: \u00abesperan trabajar donde visualicen su propio crecimiento y desarrollo, donde compartan valores y prop\u00f3sito de la organizaci\u00f3n, donde puedan aprender en colaboraci\u00f3n con otros y donde tengan un rol protag\u00f3nico\u00bb.<\/p>\n<p>Por haber crecido en un entorno fuertemente tecnol\u00f3gico, ambas generaciones optan por una flexibilidad laboral que les d\u00e9 la posibilidad de trabajar desde cualquier lugar y a cualquier hora. Adem\u00e1s valoran una comunicaci\u00f3n constante y de forma m\u00e1s inmediata e informal con sus\u00a0managers.<\/p>\n<p>Sin embargo, mientras que los\u00a0millennials\u00a0en general buscan libertad para poder desarrollar sus proyectos personales y cuestionan la autoridad, los\u00a0centennials son autodidactas, leales y propensos a apostar por una seguridad econ\u00f3mica. \u00abQuerr\u00eda probar un proyecto propio en 10 o 15 a\u00f1os, pero por ahora estoy alineada con el ideal de la empresa en la que estoy\u00bb, confiesa Teresa. \u00abLos\u00a0centennials\u00a0tienen m\u00faltiples intereses y gran capacidad de integraci\u00f3n de informaci\u00f3n. Creen en el poder que les da el conocimiento tecnol\u00f3gico como una gran fortaleza para cambiar las cosas, para llevar adelante sus proyectos y para emprender\u00bb, concluye el informe de Trendsity.<\/p>\n<\/section>\n","protected":false},"excerpt":{"rendered":"<p>Millennials versus centennials, parecidos, pero diferentes La nueva generaci\u00f3n conf\u00eda en el autoaprendizaje y busca un futuro profesional en empresas; los m\u00e1s grandes usan la tecnolog\u00eda como herramienta de automarketing y son emprededores Publicado en La Naci\u00f3n, DOMINGO 10 DE DICIEMBRE DE 2017. Recuperado en:\u00a0http:\/\/www.lanacion.com.ar\/2089683-millennials-versus-centennials-parecidos-pero-diferentes Loris Mar\u00eda Bestani Foto: Max Aguirre Cuando todav\u00eda estamos descifrando [&hellip;]<\/p>\n","protected":false},"author":7,"featured_media":0,"comment_status":"open","ping_status":"open","sticky":false,"template":"","format":"standard","meta":{"footnotes":""},"categories":[16,17],"tags":[],"_links":{"self":[{"href":"https:\/\/face.unt.edu.ar\/web\/iadmin\/wp-json\/wp\/v2\/posts\/3414"}],"collection":[{"href":"https:\/\/face.unt.edu.ar\/web\/iadmin\/wp-json\/wp\/v2\/posts"}],"about":[{"href":"https:\/\/face.unt.edu.ar\/web\/iadmin\/wp-json\/wp\/v2\/types\/post"}],"author":[{"embeddable":true,"href":"https:\/\/face.unt.edu.ar\/web\/iadmin\/wp-json\/wp\/v2\/users\/7"}],"replies":[{"embeddable":true,"href":"https:\/\/face.unt.edu.ar\/web\/iadmin\/wp-json\/wp\/v2\/comments?post=3414"}],"version-history":[{"count":4,"href":"https:\/\/face.unt.edu.ar\/web\/iadmin\/wp-json\/wp\/v2\/posts\/3414\/revisions"}],"predecessor-version":[{"id":3418,"href":"https:\/\/face.unt.edu.ar\/web\/iadmin\/wp-json\/wp\/v2\/posts\/3414\/revisions\/3418"}],"wp:attachment":[{"href":"https:\/\/face.unt.edu.ar\/web\/iadmin\/wp-json\/wp\/v2\/media?parent=3414"}],"wp:term":[{"taxonomy":"category","embeddable":true,"href":"https:\/\/face.unt.edu.ar\/web\/iadmin\/wp-json\/wp\/v2\/categories?post=3414"},{"taxonomy":"post_tag","embeddable":true,"href":"https:\/\/face.unt.edu.ar\/web\/iadmin\/wp-json\/wp\/v2\/tags?post=3414"}],"curies":[{"name":"wp","href":"https:\/\/api.w.org\/{rel}","templated":true}]}}