{"id":4090,"date":"2019-06-03T14:58:08","date_gmt":"2019-06-03T14:58:08","guid":{"rendered":"http:\/\/face.unt.edu.ar\/web\/iadmin\/?p=4090"},"modified":"2019-06-03T14:58:08","modified_gmt":"2019-06-03T14:58:08","slug":"v-muestra-academica-de-trabajos-de-investigacion-de-la-licenciatura-den-administracion","status":"publish","type":"post","link":"https:\/\/face.unt.edu.ar\/web\/iadmin\/v-muestra-academica-de-trabajos-de-investigacion-de-la-licenciatura-den-administracion\/","title":{"rendered":"V Muestra Acad\u00e9mica de Trabajos de Investigaci\u00f3n de la Licenciatura den Administraci\u00f3n"},"content":{"rendered":"<p>El\u00a0<strong>Instituto de Administraci\u00f3n\u00a0<\/strong>de\u00a0 la<strong>\u00a0Facultad de Ciencias Econ\u00f3micas\u00a0\u00a0<\/strong>de la<strong>\u00a0Universidad Nacional de Tucum\u00e1n\u00a0<\/strong>organiza la<strong>\u00a0IV Muestra Acad\u00e9mica de Trabajos de Investigaci\u00f3n de la Licenciatura en Administraci\u00f3n<\/strong>, que\u00a0 se realizar\u00e1 el d\u00eda\u00a0<strong>\u00a0Jueves 13 de Junio de 16 a 21 hs. en las Aulas 1 y 2.<\/strong><\/p>\n<p>&nbsp;<\/p>\n<p>El\u00a0<strong>objetivo de la Muestra Acad\u00e9mica es exponer los trabajos finales<\/strong>\u00a0de la Licenciatura en Administraci\u00f3n, elaborados en el marco de los siguientes espacios curriculares:<\/p>\n<ul>\n<li><strong>Taller de Metodolog\u00eda de Investigaci\u00f3n en Administraci\u00f3n<\/strong><\/li>\n<li><strong>An\u00e1lisis Cuantitativo de Negocios I\/ Investigaci\u00f3n Operativa<\/strong><\/li>\n<li><strong>Desarrollo de Competencias Emprendedoras<\/strong><\/li>\n<li><strong>Pr\u00e1ctica Profesional de la Licenciatura en Administraci\u00f3n<\/strong><\/li>\n<\/ul>\n<p>Los trabajos ser\u00e1n expuestos en Modalidad Posters y en Presentaciones Orales. Los posters ser\u00e1n exhibidos desde el\u00a0<strong>Lunes 10 de Junio al Viernes 14 de Junio\u00a0<\/strong>en el Hall Central de la Facultad de Ciencias Econ\u00f3micas. Y las presentaciones orales ser\u00e1n el \u00a0<strong>Jueves 13 de Junio de 16 a 21 hs en las Aulas 1 y 2.<\/strong><\/p>\n<p>Los posters ser\u00e1n elaborados a partir de los trabajos finales, y ser\u00e1n de las siguientes medidas: Ancho 90 cm y Alto 100 cm. Un integrante del grupo deber\u00e1 colocar el poster el d\u00eda\u00a0<strong>Lunes 10 de Junio a horas 10<\/strong>\u00a0en el Hall Central de la Facultad en los paneles que se habilitar\u00e1n a tales efectos.<\/p>\n<p>Los trabajos de investigaci\u00f3n deber\u00e1n ser enviados por mail a la siguiente direcci\u00f3n:\u00a0<a href=\"mailto:jornadasdeinvestigacion@face.unt.edu.ar\">jornadasdeinvestigacion@face.unt.edu.ar<\/a>\u00a0hasta el d\u00eda\u00a0<strong>S\u00e1bado 8 de Junio\u00a0\u00a0a horas 13<\/strong>.<\/p>\n<p>Cada grupo deber\u00e1 inscribirse hasta el\u00a0<strong>S\u00e1bado 8 de Junio a horas 13<\/strong>\u00a0en la siguiente direcci\u00f3n:<\/p>\n<p><a href=\"https:\/\/docs.google.com\/forms\/d\/e\/1FAIpQLSchdUeLe1fUp9p0jT_VsaXKGhkCxbxHj94sbcLwuH42GoqEQg\/viewform\">https:\/\/docs.google.com\/forms\/d\/e\/1FAIpQLSchdUeLe1fUp9p0jT_VsaXKGhkCxbxHj94sbcLwuH42GoqEQg\/viewform<\/a><\/p>\n","protected":false},"excerpt":{"rendered":"<p>El\u00a0Instituto de Administraci\u00f3n\u00a0de\u00a0 la\u00a0Facultad de Ciencias Econ\u00f3micas\u00a0\u00a0de la\u00a0Universidad Nacional de Tucum\u00e1n\u00a0organiza la\u00a0IV Muestra Acad\u00e9mica de Trabajos de Investigaci\u00f3n de la Licenciatura en Administraci\u00f3n, que\u00a0 se realizar\u00e1 el d\u00eda\u00a0\u00a0Jueves 13 de Junio de 16 a 21 hs. en las Aulas 1 y 2. &nbsp; El\u00a0objetivo de la Muestra Acad\u00e9mica es exponer los trabajos finales\u00a0de la Licenciatura [&hellip;]<\/p>\n","protected":false},"author":9,"featured_media":4091,"comment_status":"open","ping_status":"open","sticky":false,"template":"","format":"standard","meta":{"footnotes":""},"categories":[4,14],"tags":[],"_links":{"self":[{"href":"https:\/\/face.unt.edu.ar\/web\/iadmin\/wp-json\/wp\/v2\/posts\/4090"}],"collection":[{"href":"https:\/\/face.unt.edu.ar\/web\/iadmin\/wp-json\/wp\/v2\/posts"}],"about":[{"href":"https:\/\/face.unt.edu.ar\/web\/iadmin\/wp-json\/wp\/v2\/types\/post"}],"author":[{"embeddable":true,"href":"https:\/\/face.unt.edu.ar\/web\/iadmin\/wp-json\/wp\/v2\/users\/9"}],"replies":[{"embeddable":true,"href":"https:\/\/face.unt.edu.ar\/web\/iadmin\/wp-json\/wp\/v2\/comments?post=4090"}],"version-history":[{"count":1,"href":"https:\/\/face.unt.edu.ar\/web\/iadmin\/wp-json\/wp\/v2\/posts\/4090\/revisions"}],"predecessor-version":[{"id":4092,"href":"https:\/\/face.unt.edu.ar\/web\/iadmin\/wp-json\/wp\/v2\/posts\/4090\/revisions\/4092"}],"wp:featuredmedia":[{"embeddable":true,"href":"https:\/\/face.unt.edu.ar\/web\/iadmin\/wp-json\/wp\/v2\/media\/4091"}],"wp:attachment":[{"href":"https:\/\/face.unt.edu.ar\/web\/iadmin\/wp-json\/wp\/v2\/media?parent=4090"}],"wp:term":[{"taxonomy":"category","embeddable":true,"href":"https:\/\/face.unt.edu.ar\/web\/iadmin\/wp-json\/wp\/v2\/categories?post=4090"},{"taxonomy":"post_tag","embeddable":true,"href":"https:\/\/face.unt.edu.ar\/web\/iadmin\/wp-json\/wp\/v2\/tags?post=4090"}],"curies":[{"name":"wp","href":"https:\/\/api.w.org\/{rel}","templated":true}]}}