{"id":4203,"date":"2019-08-26T13:00:11","date_gmt":"2019-08-26T13:00:11","guid":{"rendered":"http:\/\/face.unt.edu.ar\/web\/iadmin\/?p=4203"},"modified":"2019-08-29T15:29:47","modified_gmt":"2019-08-29T15:29:47","slug":"charla-elaboracion-de-mermeladas-artesanales-un-enfoque-operacional-catedra-administracion-de-operaciones-i","status":"publish","type":"post","link":"https:\/\/face.unt.edu.ar\/web\/iadmin\/charla-elaboracion-de-mermeladas-artesanales-un-enfoque-operacional-catedra-administracion-de-operaciones-i\/","title":{"rendered":"Charla: Elaboraci\u00f3n de Mermeladas Artesanales, Un Enfoque Operacional"},"content":{"rendered":"<p>El instituto de Administraci\u00f3n invita a participar de la <strong>Charla \u00abElaboraci\u00f3n de Mermeladas Artesanales, Un Enfoque Operacional\u00bb<\/strong>,\u00a0 organizada por la<strong> C\u00e1tedra Administraci\u00f3n de la Producci\u00f3n I \/Administraci\u00f3n de Operaciones I <\/strong>\u00a0de la Licenciatura en Administraci\u00f3n de la Facultad de Ciencias Econ\u00f3micas de la UNT, el dia <strong>miercoles 28 de Agosto a hs 17:30 en Anf. A3.<\/strong><\/p>\n<p><a href=\"http:\/\/face.unt.edu.ar\/web\/iadmin\/wp-content\/uploads\/sites\/2\/2019\/08\/Charla-Elaboraci\u00f3n-de-mermeladas-artesanales-imagen-completa.jpg\"><strong>Afiche<\/strong><\/a><\/p>\n<p><a href=\"http:\/\/face.unt.edu.ar\/web\/iadmin\/wp-content\/uploads\/sites\/2\/2019\/08\/PHOTO-2019-08-29-12-02-50.jpg\">Foto 1<\/a><\/p>\n<p><a href=\"http:\/\/face.unt.edu.ar\/web\/iadmin\/wp-content\/uploads\/sites\/2\/2019\/08\/PHOTO-2019-08-29-12-02-50.jpg\">Foto 2<\/a><\/p>\n<p><a href=\"http:\/\/face.unt.edu.ar\/web\/iadmin\/wp-content\/uploads\/sites\/2\/2019\/08\/PHOTO-2019-08-29-12-02-50_1.jpg\">Foto 3<\/a><\/p>\n<p><a href=\"http:\/\/face.unt.edu.ar\/web\/iadmin\/wp-content\/uploads\/sites\/2\/2019\/08\/PHOTO-2019-08-29-12-02-50_2.jpg\">Foto 4<\/a><\/p>\n","protected":false},"excerpt":{"rendered":"<p>El instituto de Administraci\u00f3n invita a participar de la Charla \u00abElaboraci\u00f3n de Mermeladas Artesanales, Un Enfoque Operacional\u00bb,\u00a0 organizada por la C\u00e1tedra Administraci\u00f3n de la Producci\u00f3n I \/Administraci\u00f3n de Operaciones I \u00a0de la Licenciatura en Administraci\u00f3n de la Facultad de Ciencias Econ\u00f3micas de la UNT, el dia miercoles 28 de Agosto a hs 17:30 en Anf. [&hellip;]<\/p>\n","protected":false},"author":9,"featured_media":4204,"comment_status":"open","ping_status":"open","sticky":false,"template":"","format":"standard","meta":{"footnotes":""},"categories":[4,14],"tags":[],"_links":{"self":[{"href":"https:\/\/face.unt.edu.ar\/web\/iadmin\/wp-json\/wp\/v2\/posts\/4203"}],"collection":[{"href":"https:\/\/face.unt.edu.ar\/web\/iadmin\/wp-json\/wp\/v2\/posts"}],"about":[{"href":"https:\/\/face.unt.edu.ar\/web\/iadmin\/wp-json\/wp\/v2\/types\/post"}],"author":[{"embeddable":true,"href":"https:\/\/face.unt.edu.ar\/web\/iadmin\/wp-json\/wp\/v2\/users\/9"}],"replies":[{"embeddable":true,"href":"https:\/\/face.unt.edu.ar\/web\/iadmin\/wp-json\/wp\/v2\/comments?post=4203"}],"version-history":[{"count":8,"href":"https:\/\/face.unt.edu.ar\/web\/iadmin\/wp-json\/wp\/v2\/posts\/4203\/revisions"}],"predecessor-version":[{"id":4236,"href":"https:\/\/face.unt.edu.ar\/web\/iadmin\/wp-json\/wp\/v2\/posts\/4203\/revisions\/4236"}],"wp:featuredmedia":[{"embeddable":true,"href":"https:\/\/face.unt.edu.ar\/web\/iadmin\/wp-json\/wp\/v2\/media\/4204"}],"wp:attachment":[{"href":"https:\/\/face.unt.edu.ar\/web\/iadmin\/wp-json\/wp\/v2\/media?parent=4203"}],"wp:term":[{"taxonomy":"category","embeddable":true,"href":"https:\/\/face.unt.edu.ar\/web\/iadmin\/wp-json\/wp\/v2\/categories?post=4203"},{"taxonomy":"post_tag","embeddable":true,"href":"https:\/\/face.unt.edu.ar\/web\/iadmin\/wp-json\/wp\/v2\/tags?post=4203"}],"curies":[{"name":"wp","href":"https:\/\/api.w.org\/{rel}","templated":true}]}}