{"id":4754,"date":"2020-11-30T13:03:35","date_gmt":"2020-11-30T13:03:35","guid":{"rendered":"https:\/\/face.unt.edu.ar\/web\/iadmin\/?p=4754"},"modified":"2021-03-18T12:01:00","modified_gmt":"2021-03-18T12:01:00","slug":"experiencias-de-egresados-de-la-licenciatura-en-administracion-en-el-exterior","status":"publish","type":"post","link":"https:\/\/face.unt.edu.ar\/web\/iadmin\/experiencias-de-egresados-de-la-licenciatura-en-administracion-en-el-exterior\/","title":{"rendered":"Experiencias de egresados de la Licenciatura en Administraci\u00f3n en el exterior"},"content":{"rendered":"<p>Este mi\u00e9rcoles 02 de diciembre, \u00a0de 16 a 18 horas, egresados de la Licenciatura en Administraci\u00f3n de nuestra Facultad, compartir\u00e1n sus experiencias en el exterior.<\/p>\n<p>El Link de acceso es el siguiente:<br \/>\n<a href=\"https:\/\/us02web.zoom.us\/j\/81795899127?pwd=enU0QXFXem4xVG5oSkE4VUVWZVZadz09\" target=\"_blank\" rel=\"noopener noreferrer\" data-saferedirecturl=\"https:\/\/www.google.com\/url?q=https:\/\/us02web.zoom.us\/j\/81795899127?pwd%3DenU0QXFXem4xVG5oSkE4VUVWZVZadz09&amp;source=gmail&amp;ust=1606683421685000&amp;usg=AFQjCNFCil2QyABitpI8DRqMJi3elxbWqg\">https:\/\/us02web.zoom.us\/j\/81795899127?pwd=enU0QXFXem4xVG5oSkE4VUVWZVZadz09<\/a><\/p>\n<p>ID de reuni\u00f3n: 817 9589 9127 Contrase\u00f1a: pplea<\/p>\n<div class=\"yj6qo\">Los graduados son:<\/div>\n<div><\/div>\n<p><strong>Luc\u00eda Carrapizo,\u00a0<\/strong>Licenciada en Administraci\u00f3n, egresada de nuestra casa de estudios.<br \/>\nActualmente se desempe\u00f1a como Responsable de Comunicaci\u00f3n interna en Bimbo Iberia (Espa\u00f1a y Portugal) y tambi\u00e9n colabora en proyectos de Talento y Desarrollo en Bimbo EAA (Europa, Asia y \u00c1frica)<\/p>\n<p><strong>Gonzalo Mora,\u00a0<\/strong>Licenciado en Administraci\u00f3n egresado de la Universidad Nacional de Tucum\u00e1n y trabaja en la empresa Habitissimo, un Market Place de servicios de la reforma de construcci\u00f3n. Actualmente forma parte del programa Talentissimo que le propone el desaf\u00edo de rotar durante 15 meses por cinco \u00e1reas diferentes con el objetivo de formarse como futuro l\u00edder de la empresa.<\/p>\n","protected":false},"excerpt":{"rendered":"<p>Este mi\u00e9rcoles 02 de diciembre, \u00a0de 16 a 18 horas, egresados de la Licenciatura en Administraci\u00f3n de nuestra Facultad, compartir\u00e1n sus experiencias en el exterior. El Link de acceso es el siguiente: https:\/\/us02web.zoom.us\/j\/81795899127?pwd=enU0QXFXem4xVG5oSkE4VUVWZVZadz09 ID de reuni\u00f3n: 817 9589 9127 Contrase\u00f1a: pplea Los graduados son: Luc\u00eda Carrapizo,\u00a0Licenciada en Administraci\u00f3n, egresada de nuestra casa de estudios. Actualmente [&hellip;]<\/p>\n","protected":false},"author":9,"featured_media":4755,"comment_status":"closed","ping_status":"closed","sticky":false,"template":"","format":"standard","meta":{"footnotes":""},"categories":[4,14,1],"tags":[],"_links":{"self":[{"href":"https:\/\/face.unt.edu.ar\/web\/iadmin\/wp-json\/wp\/v2\/posts\/4754"}],"collection":[{"href":"https:\/\/face.unt.edu.ar\/web\/iadmin\/wp-json\/wp\/v2\/posts"}],"about":[{"href":"https:\/\/face.unt.edu.ar\/web\/iadmin\/wp-json\/wp\/v2\/types\/post"}],"author":[{"embeddable":true,"href":"https:\/\/face.unt.edu.ar\/web\/iadmin\/wp-json\/wp\/v2\/users\/9"}],"replies":[{"embeddable":true,"href":"https:\/\/face.unt.edu.ar\/web\/iadmin\/wp-json\/wp\/v2\/comments?post=4754"}],"version-history":[{"count":1,"href":"https:\/\/face.unt.edu.ar\/web\/iadmin\/wp-json\/wp\/v2\/posts\/4754\/revisions"}],"predecessor-version":[{"id":4756,"href":"https:\/\/face.unt.edu.ar\/web\/iadmin\/wp-json\/wp\/v2\/posts\/4754\/revisions\/4756"}],"wp:featuredmedia":[{"embeddable":true,"href":"https:\/\/face.unt.edu.ar\/web\/iadmin\/wp-json\/wp\/v2\/media\/4755"}],"wp:attachment":[{"href":"https:\/\/face.unt.edu.ar\/web\/iadmin\/wp-json\/wp\/v2\/media?parent=4754"}],"wp:term":[{"taxonomy":"category","embeddable":true,"href":"https:\/\/face.unt.edu.ar\/web\/iadmin\/wp-json\/wp\/v2\/categories?post=4754"},{"taxonomy":"post_tag","embeddable":true,"href":"https:\/\/face.unt.edu.ar\/web\/iadmin\/wp-json\/wp\/v2\/tags?post=4754"}],"curies":[{"name":"wp","href":"https:\/\/api.w.org\/{rel}","templated":true}]}}