{"id":4822,"date":"2021-03-18T16:56:45","date_gmt":"2021-03-18T16:56:45","guid":{"rendered":"https:\/\/face.unt.edu.ar\/web\/iadmin\/?p=4822"},"modified":"2022-12-15T11:59:41","modified_gmt":"2022-12-15T11:59:41","slug":"reunion-de-discusion-avances-de-la-practica-profesional-de-la-licenciatura-en-administracion-10","status":"publish","type":"post","link":"https:\/\/face.unt.edu.ar\/web\/iadmin\/reunion-de-discusion-avances-de-la-practica-profesional-de-la-licenciatura-en-administracion-10\/","title":{"rendered":"REUNI\u00d3N DE DISCUSI\u00d3N  AVANCES  DE LA PR\u00c1CTICA PROFESIONAL DE LA  LICENCIATURA EN ADMINISTRACI\u00d3N"},"content":{"rendered":"<p style=\"font-weight: 400\">En el marco de la\u00a0<strong>Pr\u00e1ctica Profesional de la Licenciatura en Administraci\u00f3n<\/strong>, se invita<\/p>\n<p style=\"font-weight: 400\">a\u00a0docentes, estudiantes y personas interesadas a la\u00a0<strong>Reuni\u00f3n de Discusi\u00f3n del Instituto<\/strong><\/p>\n<p style=\"font-weight: 400\"><strong>de\u00a0Administraci\u00f3n\u00a0<\/strong>que se realizar\u00e1 el\u00a0d\u00eda\u00a0<strong>Mi\u00e9rcoles 10 de Marzo de 2021 de 18:00 a<\/strong><\/p>\n<p style=\"font-weight: 400\"><strong>20<\/strong><strong>:00\u00a0horas,\u00a0<\/strong>en\u00a0forma virtual\u00a0por\u00a0la\u00a0plataforma\u00a0Zoom.<\/p>\n<p style=\"font-weight: 400\"><a href=\"https:\/\/us02web.zoom.us\/j\/89841186078?pwd=QkdTRkxEcitGSlJkdmpGRC9PNmd6Zz09\" data-saferedirecturl=\"https:\/\/www.google.com\/url?q=https:\/\/us02web.zoom.us\/j\/89841186078?pwd%3DQkdTRkxEcitGSlJkdmpGRC9PNmd6Zz09&amp;source=gmail&amp;ust=1616171942993000&amp;usg=AFQjCNGi5hNeucn1xyxIG-NV9q6I3zfWCg\">https:\/\/us02web.zoom.us\/j\/89841186078?pwd=QkdTRkxEcitGSlJkdmpGRC9PNmd6Zz09<\/a><br \/>\nID de reuni\u00f3n:\u00a0<strong>898 4118 6078<\/strong>\u00a0 C\u00f3digo de acceso:\u00a0<strong>pplea<\/strong><\/p>\n<p style=\"font-weight: 400\">Se\u00a0discutir\u00e1n\u00a0los\u00a0avances\u00a0de\u00a0los\u00a0siguientes\u00a0trabajos:<\/p>\n<table style=\"font-weight: 400\">\n<tbody>\n<tr>\n<td colspan=\"2\" width=\"667\"><strong>MI\u00c9RCOLES 10\/03<\/strong><\/td>\n<\/tr>\n<tr>\n<td width=\"66\"><strong>Hora<\/strong><\/td>\n<td width=\"601\"><strong>T\u00edtulo\u00a0del\u00a0Trabajo<\/strong><\/td>\n<\/tr>\n<tr>\n<td width=\"66\">&nbsp;<\/p>\n<p>&nbsp;<\/p>\n<p>18:00<\/td>\n<td width=\"601\"><strong>\u201cDISE\u00d1O DE UN PLAN DE MEJORA PARA EL \u00c1REA PRODUCTIVA DE LA<em>\u00a0PANADER\u00cdA \u201cLA MADRILE\u00d1A\u201d<\/em>\u201d<\/strong><\/p>\n<p>Alumna: Sangenis Blazquez, Valentina.<\/p>\n<p>Tutor:\u00a0Gor, Natalia.<\/td>\n<\/tr>\n<tr>\n<td width=\"66\">&nbsp;<\/p>\n<p>18:30<\/td>\n<td width=\"601\"><strong>\u201cELABORACION DE PLAN DE NEGOCIOS PARA EMPRENDIMIENTO\u201d<\/strong><\/p>\n<p>Alumna: Carrasco, Mar\u00eda Paula<\/p>\n<p>Tutor: P\u00e9rez Vides, Luis<\/td>\n<\/tr>\n<tr>\n<td width=\"66\">&nbsp;<\/p>\n<p>&nbsp;<\/p>\n<p>19:00<\/td>\n<td width=\"601\"><strong>\u201cAPLICACIONES DE DISE\u00d1O ORGANIZACIONAL Y ANAL\u00cdTICA DE NEGOCIOS PARA EL \u00c1REA DE COMERCIO EXTERIOR EN EMPRESA INDUSTRIAL\u201d<\/strong><\/p>\n<p>Alumna: Murua, Ivanna Beatriz<\/p>\n<p>Tutor: Medina Galv\u00e1n, Marcelo.<\/td>\n<\/tr>\n<tr>\n<td width=\"66\">&nbsp;<\/p>\n<p>&nbsp;<\/p>\n<p>19:30<\/td>\n<td width=\"601\">&nbsp;<\/p>\n<p><strong>\u201cRENOVACI\u00d3N DE PROPUESTA DE VALOR UTILIZANDO DISE\u00d1O DE SERVICIOS\u201d<\/strong><\/p>\n<p>Alumno: Mochon, Gonzalo<\/p>\n<p>Tutor: Esteban David, Mulki<\/p>\n<p>&nbsp;<\/td>\n<\/tr>\n<\/tbody>\n<\/table>\n<p><a href=\"https:\/\/face.unt.edu.ar\/web\/iadmin\/wp-content\/uploads\/sites\/2\/2021\/03\/REUNION-DE-DISCUSION-PPLA-MARZO-2021_compressed.pdf\">Resumenes de Trabajos<\/a><\/p>\n","protected":false},"excerpt":{"rendered":"<p>En el marco de la\u00a0Pr\u00e1ctica Profesional de la Licenciatura en Administraci\u00f3n, se invita a\u00a0docentes, estudiantes y personas interesadas a la\u00a0Reuni\u00f3n de Discusi\u00f3n del Instituto de\u00a0Administraci\u00f3n\u00a0que se realizar\u00e1 el\u00a0d\u00eda\u00a0Mi\u00e9rcoles 10 de Marzo de 2021 de 18:00 a 20:00\u00a0horas,\u00a0en\u00a0forma virtual\u00a0por\u00a0la\u00a0plataforma\u00a0Zoom. https:\/\/us02web.zoom.us\/j\/89841186078?pwd=QkdTRkxEcitGSlJkdmpGRC9PNmd6Zz09 ID de reuni\u00f3n:\u00a0898 4118 6078\u00a0 C\u00f3digo de acceso:\u00a0pplea Se\u00a0discutir\u00e1n\u00a0los\u00a0avances\u00a0de\u00a0los\u00a0siguientes\u00a0trabajos: MI\u00c9RCOLES 10\/03 Hora T\u00edtulo\u00a0del\u00a0Trabajo &nbsp; &nbsp; 18:00 [&hellip;]<\/p>\n","protected":false},"author":9,"featured_media":3667,"comment_status":"open","ping_status":"open","sticky":false,"template":"","format":"standard","meta":{"footnotes":""},"categories":[3,4,14],"tags":[],"_links":{"self":[{"href":"https:\/\/face.unt.edu.ar\/web\/iadmin\/wp-json\/wp\/v2\/posts\/4822"}],"collection":[{"href":"https:\/\/face.unt.edu.ar\/web\/iadmin\/wp-json\/wp\/v2\/posts"}],"about":[{"href":"https:\/\/face.unt.edu.ar\/web\/iadmin\/wp-json\/wp\/v2\/types\/post"}],"author":[{"embeddable":true,"href":"https:\/\/face.unt.edu.ar\/web\/iadmin\/wp-json\/wp\/v2\/users\/9"}],"replies":[{"embeddable":true,"href":"https:\/\/face.unt.edu.ar\/web\/iadmin\/wp-json\/wp\/v2\/comments?post=4822"}],"version-history":[{"count":3,"href":"https:\/\/face.unt.edu.ar\/web\/iadmin\/wp-json\/wp\/v2\/posts\/4822\/revisions"}],"predecessor-version":[{"id":6187,"href":"https:\/\/face.unt.edu.ar\/web\/iadmin\/wp-json\/wp\/v2\/posts\/4822\/revisions\/6187"}],"wp:featuredmedia":[{"embeddable":true,"href":"https:\/\/face.unt.edu.ar\/web\/iadmin\/wp-json\/wp\/v2\/media\/3667"}],"wp:attachment":[{"href":"https:\/\/face.unt.edu.ar\/web\/iadmin\/wp-json\/wp\/v2\/media?parent=4822"}],"wp:term":[{"taxonomy":"category","embeddable":true,"href":"https:\/\/face.unt.edu.ar\/web\/iadmin\/wp-json\/wp\/v2\/categories?post=4822"},{"taxonomy":"post_tag","embeddable":true,"href":"https:\/\/face.unt.edu.ar\/web\/iadmin\/wp-json\/wp\/v2\/tags?post=4822"}],"curies":[{"name":"wp","href":"https:\/\/api.w.org\/{rel}","templated":true}]}}