{"id":494,"date":"2014-07-03T12:56:46","date_gmt":"2014-07-03T15:56:46","guid":{"rendered":"http:\/\/mulki.com.ar\/iadmin\/?p=494"},"modified":"2014-09-23T17:34:53","modified_gmt":"2014-09-23T17:34:53","slug":"iv-jornada-de-docentes-de-la-licenciatura-en-administracion-marzo-2014","status":"publish","type":"post","link":"https:\/\/face.unt.edu.ar\/web\/iadmin\/iv-jornada-de-docentes-de-la-licenciatura-en-administracion-marzo-2014\/","title":{"rendered":"IV Jornada de Docentes de La Licenciatura en Administraci\u00f3n &#8211; Marzo 2014"},"content":{"rendered":"<p><strong>Cronograma:<\/strong><\/p>\n<table>\n<tbody>\n<tr>\n<td width=\"115\"><strong>Horario<\/strong><\/td>\n<td width=\"461\"><strong>Actividad<\/strong><strong>\u00a0<\/strong><\/td>\n<\/tr>\n<tr>\n<td width=\"115\">18:00 a 18:15<\/td>\n<td width=\"461\">Palabras de BienvenidaDirector del Instituto: Humberto D\u2019Arterio<\/td>\n<\/tr>\n<tr>\n<td width=\"115\">18:15 a 19:30<\/td>\n<td width=\"461\">Conoci\u00e9ndonos m\u00e1s. Din\u00e1micaPresentaci\u00f3n Nuevo Plan de estudiosAgenda 2014<\/td>\n<\/tr>\n<tr>\n<td width=\"115\">19:30 a 20:00<\/td>\n<td width=\"461\">Coffee Break<\/td>\n<\/tr>\n<tr>\n<td width=\"115\">20:00 a 20:45<\/td>\n<td width=\"461\">Conformar comisiones de trabajos. Propuesta de actividades, responsables.<\/td>\n<\/tr>\n<tr>\n<td width=\"115\">20:45 a 21:00<\/td>\n<td width=\"461\">Palabras de despedida: Humberto D\u2019Arterio<\/td>\n<\/tr>\n<\/tbody>\n<\/table>\n<p>&nbsp;<\/p>\n<div id='gallery-1' class='gallery galleryid-494 gallery-columns-3 gallery-size-thumbnail'><figure class='gallery-item'>\n\t\t\t<div class='gallery-icon landscape'>\n\t\t\t\t<a href='https:\/\/face.unt.edu.ar\/web\/iadmin\/wp-content\/uploads\/sites\/2\/2014\/07\/enc-doc-2014-Marcelo.jpg'><img width=\"150\" height=\"150\" src=\"https:\/\/face.unt.edu.ar\/web\/iadmin\/wp-content\/uploads\/sites\/2\/2014\/07\/enc-doc-2014-Marcelo-150x150.jpg\" class=\"attachment-thumbnail size-thumbnail\" alt=\"\" decoding=\"async\" loading=\"lazy\" srcset=\"https:\/\/face.unt.edu.ar\/web\/iadmin\/wp-content\/uploads\/sites\/2\/2014\/07\/enc-doc-2014-Marcelo-150x150.jpg 150w, https:\/\/face.unt.edu.ar\/web\/iadmin\/wp-content\/uploads\/sites\/2\/2014\/07\/enc-doc-2014-Marcelo.jpg 197w\" sizes=\"(max-width: 150px) 100vw, 150px\" \/><\/a>\n\t\t\t<\/div><\/figure><figure class='gallery-item'>\n\t\t\t<div class='gallery-icon landscape'>\n\t\t\t\t<a href='https:\/\/face.unt.edu.ar\/web\/iadmin\/wp-content\/uploads\/sites\/2\/2014\/07\/enc-doc-2014-Humberto.jpg'><img width=\"150\" height=\"150\" src=\"https:\/\/face.unt.edu.ar\/web\/iadmin\/wp-content\/uploads\/sites\/2\/2014\/07\/enc-doc-2014-Humberto-150x150.jpg\" class=\"attachment-thumbnail size-thumbnail\" alt=\"\" decoding=\"async\" loading=\"lazy\" srcset=\"https:\/\/face.unt.edu.ar\/web\/iadmin\/wp-content\/uploads\/sites\/2\/2014\/07\/enc-doc-2014-Humberto-150x150.jpg 150w, https:\/\/face.unt.edu.ar\/web\/iadmin\/wp-content\/uploads\/sites\/2\/2014\/07\/enc-doc-2014-Humberto.jpg 197w\" sizes=\"(max-width: 150px) 100vw, 150px\" \/><\/a>\n\t\t\t<\/div><\/figure><figure class='gallery-item'>\n\t\t\t<div class='gallery-icon landscape'>\n\t\t\t\t<a href='https:\/\/face.unt.edu.ar\/web\/iadmin\/wp-content\/uploads\/sites\/2\/2014\/07\/enc-doc-2014-charla-Handl.jpg'><img width=\"150\" height=\"150\" src=\"https:\/\/face.unt.edu.ar\/web\/iadmin\/wp-content\/uploads\/sites\/2\/2014\/07\/enc-doc-2014-charla-Handl-150x150.jpg\" class=\"attachment-thumbnail size-thumbnail\" alt=\"\" decoding=\"async\" loading=\"lazy\" srcset=\"https:\/\/face.unt.edu.ar\/web\/iadmin\/wp-content\/uploads\/sites\/2\/2014\/07\/enc-doc-2014-charla-Handl-150x150.jpg 150w, https:\/\/face.unt.edu.ar\/web\/iadmin\/wp-content\/uploads\/sites\/2\/2014\/07\/enc-doc-2014-charla-Handl.jpg 197w\" sizes=\"(max-width: 150px) 100vw, 150px\" \/><\/a>\n\t\t\t<\/div><\/figure><figure class='gallery-item'>\n\t\t\t<div class='gallery-icon landscape'>\n\t\t\t\t<a href='https:\/\/face.unt.edu.ar\/web\/iadmin\/wp-content\/uploads\/sites\/2\/2014\/07\/enc-doc-2014-Alejandra.jpg'><img width=\"150\" height=\"150\" src=\"https:\/\/face.unt.edu.ar\/web\/iadmin\/wp-content\/uploads\/sites\/2\/2014\/07\/enc-doc-2014-Alejandra-150x150.jpg\" class=\"attachment-thumbnail size-thumbnail\" alt=\"\" decoding=\"async\" loading=\"lazy\" srcset=\"https:\/\/face.unt.edu.ar\/web\/iadmin\/wp-content\/uploads\/sites\/2\/2014\/07\/enc-doc-2014-Alejandra-150x150.jpg 150w, https:\/\/face.unt.edu.ar\/web\/iadmin\/wp-content\/uploads\/sites\/2\/2014\/07\/enc-doc-2014-Alejandra.jpg 197w\" sizes=\"(max-width: 150px) 100vw, 150px\" \/><\/a>\n\t\t\t<\/div><\/figure><figure class='gallery-item'>\n\t\t\t<div class='gallery-icon landscape'>\n\t\t\t\t<a href='https:\/\/face.unt.edu.ar\/web\/iadmin\/wp-content\/uploads\/sites\/2\/2014\/07\/2013-jorn-doc-Martos.jpg'><img width=\"150\" height=\"150\" src=\"https:\/\/face.unt.edu.ar\/web\/iadmin\/wp-content\/uploads\/sites\/2\/2014\/07\/2013-jorn-doc-Martos-150x150.jpg\" class=\"attachment-thumbnail size-thumbnail\" alt=\"\" decoding=\"async\" loading=\"lazy\" \/><\/a>\n\t\t\t<\/div><\/figure><figure class='gallery-item'>\n\t\t\t<div class='gallery-icon landscape'>\n\t\t\t\t<a href='https:\/\/face.unt.edu.ar\/web\/iadmin\/wp-content\/uploads\/sites\/2\/2014\/07\/2013-jorn-doc-Pero.jpg'><img width=\"150\" height=\"150\" src=\"https:\/\/face.unt.edu.ar\/web\/iadmin\/wp-content\/uploads\/sites\/2\/2014\/07\/2013-jorn-doc-Pero-150x150.jpg\" class=\"attachment-thumbnail size-thumbnail\" alt=\"\" decoding=\"async\" loading=\"lazy\" \/><\/a>\n\t\t\t<\/div><\/figure><figure class='gallery-item'>\n\t\t\t<div class='gallery-icon landscape'>\n\t\t\t\t<a href='https:\/\/face.unt.edu.ar\/web\/iadmin\/wp-content\/uploads\/sites\/2\/2014\/07\/2014-charla-plan-estudios-1.jpg'><img width=\"150\" height=\"150\" src=\"https:\/\/face.unt.edu.ar\/web\/iadmin\/wp-content\/uploads\/sites\/2\/2014\/07\/2014-charla-plan-estudios-1-150x150.jpg\" class=\"attachment-thumbnail size-thumbnail\" alt=\"\" decoding=\"async\" loading=\"lazy\" srcset=\"https:\/\/face.unt.edu.ar\/web\/iadmin\/wp-content\/uploads\/sites\/2\/2014\/07\/2014-charla-plan-estudios-1-150x150.jpg 150w, https:\/\/face.unt.edu.ar\/web\/iadmin\/wp-content\/uploads\/sites\/2\/2014\/07\/2014-charla-plan-estudios-1.jpg 197w\" sizes=\"(max-width: 150px) 100vw, 150px\" \/><\/a>\n\t\t\t<\/div><\/figure><figure class='gallery-item'>\n\t\t\t<div class='gallery-icon landscape'>\n\t\t\t\t<a href='https:\/\/face.unt.edu.ar\/web\/iadmin\/wp-content\/uploads\/sites\/2\/2014\/07\/2013-jorn-doc-Medina.jpg'><img width=\"150\" height=\"150\" src=\"https:\/\/face.unt.edu.ar\/web\/iadmin\/wp-content\/uploads\/sites\/2\/2014\/07\/2013-jorn-doc-Medina-150x150.jpg\" class=\"attachment-thumbnail size-thumbnail\" alt=\"\" decoding=\"async\" loading=\"lazy\" \/><\/a>\n\t\t\t<\/div><\/figure><figure class='gallery-item'>\n\t\t\t<div class='gallery-icon landscape'>\n\t\t\t\t<a href='https:\/\/face.unt.edu.ar\/web\/iadmin\/wp-content\/uploads\/sites\/2\/2014\/07\/2013-jorn-doc-Fagre.jpg'><img width=\"150\" height=\"150\" src=\"https:\/\/face.unt.edu.ar\/web\/iadmin\/wp-content\/uploads\/sites\/2\/2014\/07\/2013-jorn-doc-Fagre-150x150.jpg\" class=\"attachment-thumbnail size-thumbnail\" alt=\"\" decoding=\"async\" loading=\"lazy\" \/><\/a>\n\t\t\t<\/div><\/figure>\n\t\t<\/div>\n\n","protected":false},"excerpt":{"rendered":"<p>El d\u00eda 26 de Marzo en el horario de 18 a 21 en el Colegio de Graduados en Ciencias Econ\u00f3micas se llevo a cabo la IV Jornada de Docentes del Instituto de Administraci\u00f3n.<\/p>\n<p>Los objetivos de la misma fueron:<br \/>\n\u2022\tFomentar el v\u00ednculo entre los docentes integrantes del Instituto;<br \/>\n\u2022\tPresentar el Nuevo Plan de Estudios<br \/>\n\u2022\tPresentar el cronograma de actividades para el 2014<br \/>\n\u2022\tConformar grupos\/comisiones para trabajar diferentes tem\u00e1ticas (reuniones de discusi\u00f3n \u2013 cursos de extensi\u00f3n \u2013 reuniones inter c\u00e1tedras, etc.)<\/p>\n","protected":false},"author":9,"featured_media":1002,"comment_status":"closed","ping_status":"open","sticky":false,"template":"","format":"standard","meta":{"footnotes":""},"categories":[13,14],"tags":[],"_links":{"self":[{"href":"https:\/\/face.unt.edu.ar\/web\/iadmin\/wp-json\/wp\/v2\/posts\/494"}],"collection":[{"href":"https:\/\/face.unt.edu.ar\/web\/iadmin\/wp-json\/wp\/v2\/posts"}],"about":[{"href":"https:\/\/face.unt.edu.ar\/web\/iadmin\/wp-json\/wp\/v2\/types\/post"}],"author":[{"embeddable":true,"href":"https:\/\/face.unt.edu.ar\/web\/iadmin\/wp-json\/wp\/v2\/users\/9"}],"replies":[{"embeddable":true,"href":"https:\/\/face.unt.edu.ar\/web\/iadmin\/wp-json\/wp\/v2\/comments?post=494"}],"version-history":[{"count":3,"href":"https:\/\/face.unt.edu.ar\/web\/iadmin\/wp-json\/wp\/v2\/posts\/494\/revisions"}],"predecessor-version":[{"id":1678,"href":"https:\/\/face.unt.edu.ar\/web\/iadmin\/wp-json\/wp\/v2\/posts\/494\/revisions\/1678"}],"wp:featuredmedia":[{"embeddable":true,"href":"https:\/\/face.unt.edu.ar\/web\/iadmin\/wp-json\/wp\/v2\/media\/1002"}],"wp:attachment":[{"href":"https:\/\/face.unt.edu.ar\/web\/iadmin\/wp-json\/wp\/v2\/media?parent=494"}],"wp:term":[{"taxonomy":"category","embeddable":true,"href":"https:\/\/face.unt.edu.ar\/web\/iadmin\/wp-json\/wp\/v2\/categories?post=494"},{"taxonomy":"post_tag","embeddable":true,"href":"https:\/\/face.unt.edu.ar\/web\/iadmin\/wp-json\/wp\/v2\/tags?post=494"}],"curies":[{"name":"wp","href":"https:\/\/api.w.org\/{rel}","templated":true}]}}