{"id":5250,"date":"2021-11-16T12:51:44","date_gmt":"2021-11-16T12:51:44","guid":{"rendered":"https:\/\/face.unt.edu.ar\/web\/iadmin\/?p=5250"},"modified":"2021-11-16T13:11:34","modified_gmt":"2021-11-16T13:11:34","slug":"resumen-xi-jornada-de-convivencia-de-la-licenciatura-en-administracion-modalidad-virtual","status":"publish","type":"post","link":"https:\/\/face.unt.edu.ar\/web\/iadmin\/resumen-xi-jornada-de-convivencia-de-la-licenciatura-en-administracion-modalidad-virtual\/","title":{"rendered":"Resumen &#8211; XI JORNADA DE CONVIVENCIA DE LA LICENCIATURA EN ADMINISTRACI\u00d3N (modalidad virtual)"},"content":{"rendered":"<div>Del 28 al 30 de octubre de 2021 se llev\u00f3 a cabo la <b>XI JORNADA DE CONVIVENCIA DE LA LICENCIATURA EN ADMINISTRACI\u00d3N (modalidad virtual)<\/b><\/div>\n<div><\/div>\n<div><strong>La Agenda de la Jornada fue:<\/strong><\/div>\n<div><a href=\"https:\/\/face.unt.edu.ar\/web\/iadmin\/wp-content\/uploads\/sites\/2\/2021\/11\/WhatsApp-Image-2021-11-16-at-08.32.26-1.jpeg\"><img decoding=\"async\" loading=\"lazy\" class=\"aligncenter size-medium wp-image-5252\" src=\"https:\/\/face.unt.edu.ar\/web\/iadmin\/wp-content\/uploads\/sites\/2\/2021\/11\/WhatsApp-Image-2021-11-16-at-08.32.26-1-300x300.jpeg\" alt=\"\" width=\"300\" height=\"300\" srcset=\"https:\/\/face.unt.edu.ar\/web\/iadmin\/wp-content\/uploads\/sites\/2\/2021\/11\/WhatsApp-Image-2021-11-16-at-08.32.26-1-300x300.jpeg 300w, https:\/\/face.unt.edu.ar\/web\/iadmin\/wp-content\/uploads\/sites\/2\/2021\/11\/WhatsApp-Image-2021-11-16-at-08.32.26-1-1024x1024.jpeg 1024w, https:\/\/face.unt.edu.ar\/web\/iadmin\/wp-content\/uploads\/sites\/2\/2021\/11\/WhatsApp-Image-2021-11-16-at-08.32.26-1-150x150.jpeg 150w, https:\/\/face.unt.edu.ar\/web\/iadmin\/wp-content\/uploads\/sites\/2\/2021\/11\/WhatsApp-Image-2021-11-16-at-08.32.26-1-768x768.jpeg 768w, https:\/\/face.unt.edu.ar\/web\/iadmin\/wp-content\/uploads\/sites\/2\/2021\/11\/WhatsApp-Image-2021-11-16-at-08.32.26-1.jpeg 1080w\" sizes=\"(max-width: 300px) 100vw, 300px\" \/><\/a><\/div>\n<div><b>28\/10 &#8211; 15:30 hs &#8211;\u00a0<\/b>AGOSTINA MARANZANA, egresada de la licenciatura, presentar\u00e1 el proyecto de aplicaci\u00f3n de energ\u00edas renovables para riego en la empresa Nynagro.<\/div>\n<div><b>29\/10 &#8211; 18:30 hs &#8211;\u00a0FERNANDO BACH, fundador de Elementos Argentinos (Empresa B certificada), que nos contar\u00e1 sobre la gesti\u00f3n y la filosof\u00eda de las empresas de triple impacto.<\/b><\/div>\n<div>\n<p><b>30\/10 &#8211; 16:00 hs &#8211;\u00a0<\/b>JOS\u00c9 VIGNOLI, egresado de la carrera, nos hablar\u00e1 de su experiencia como CEO de Invertir On Line y como emprendedor aut\u00f3nomo.<\/p>\n<div><b>Hubo sorteos, concursos y juegos asincr\u00f3nicos (la informaci\u00f3n fue publicada en Instagram y Facebook\u00a0<\/b><\/div>\n<div><\/div>\n<\/div>\n<div><\/div>\n<div><\/div>\n<div><\/div>\n<div><\/div>\n<div>\n<div dir=\"ltr\">\n<div dir=\"ltr\">\n<div dir=\"ltr\">\n<div><a href=\"https:\/\/face.unt.edu.ar\/web\/iadmin\/wp-content\/uploads\/sites\/2\/2021\/11\/WhatsApp-Image-2021-11-16-at-08.32.24-1.jpeg\"><img decoding=\"async\" loading=\"lazy\" class=\"size-medium wp-image-5254 alignleft\" src=\"https:\/\/face.unt.edu.ar\/web\/iadmin\/wp-content\/uploads\/sites\/2\/2021\/11\/WhatsApp-Image-2021-11-16-at-08.32.24-1-300x129.jpeg\" alt=\"\" width=\"300\" height=\"129\" srcset=\"https:\/\/face.unt.edu.ar\/web\/iadmin\/wp-content\/uploads\/sites\/2\/2021\/11\/WhatsApp-Image-2021-11-16-at-08.32.24-1-300x129.jpeg 300w, https:\/\/face.unt.edu.ar\/web\/iadmin\/wp-content\/uploads\/sites\/2\/2021\/11\/WhatsApp-Image-2021-11-16-at-08.32.24-1-1024x440.jpeg 1024w, https:\/\/face.unt.edu.ar\/web\/iadmin\/wp-content\/uploads\/sites\/2\/2021\/11\/WhatsApp-Image-2021-11-16-at-08.32.24-1-768x330.jpeg 768w, https:\/\/face.unt.edu.ar\/web\/iadmin\/wp-content\/uploads\/sites\/2\/2021\/11\/WhatsApp-Image-2021-11-16-at-08.32.24-1.jpeg 1280w\" sizes=\"(max-width: 300px) 100vw, 300px\" \/><\/a><\/div>\n<div style=\"text-align: right\"><a href=\"https:\/\/face.unt.edu.ar\/web\/iadmin\/wp-content\/uploads\/sites\/2\/2021\/11\/WhatsApp-Image-2021-11-16-at-08.32.25-1.jpeg\"><img decoding=\"async\" loading=\"lazy\" class=\"size-medium wp-image-5255 alignright\" src=\"https:\/\/face.unt.edu.ar\/web\/iadmin\/wp-content\/uploads\/sites\/2\/2021\/11\/WhatsApp-Image-2021-11-16-at-08.32.25-1-300x128.jpeg\" alt=\"\" width=\"300\" height=\"128\" srcset=\"https:\/\/face.unt.edu.ar\/web\/iadmin\/wp-content\/uploads\/sites\/2\/2021\/11\/WhatsApp-Image-2021-11-16-at-08.32.25-1-300x128.jpeg 300w, https:\/\/face.unt.edu.ar\/web\/iadmin\/wp-content\/uploads\/sites\/2\/2021\/11\/WhatsApp-Image-2021-11-16-at-08.32.25-1-1024x436.jpeg 1024w, https:\/\/face.unt.edu.ar\/web\/iadmin\/wp-content\/uploads\/sites\/2\/2021\/11\/WhatsApp-Image-2021-11-16-at-08.32.25-1-768x327.jpeg 768w, https:\/\/face.unt.edu.ar\/web\/iadmin\/wp-content\/uploads\/sites\/2\/2021\/11\/WhatsApp-Image-2021-11-16-at-08.32.25-1.jpeg 1280w\" sizes=\"(max-width: 300px) 100vw, 300px\" \/><\/a><\/div>\n<\/div>\n<div><\/div>\n<div dir=\"ltr\">\n<div><\/div>\n<div><\/div>\n<div><\/div>\n<div><\/div>\n<\/div>\n<\/div>\n<\/div>\n<\/div>\n<div><a href=\"https:\/\/face.unt.edu.ar\/web\/iadmin\/wp-content\/uploads\/sites\/2\/2021\/11\/WhatsApp-Image-2021-11-16-at-08.32.23.jpeg\"><img decoding=\"async\" loading=\"lazy\" class=\"size-medium wp-image-5253 alignright\" src=\"https:\/\/face.unt.edu.ar\/web\/iadmin\/wp-content\/uploads\/sites\/2\/2021\/11\/WhatsApp-Image-2021-11-16-at-08.32.23-300x130.jpeg\" alt=\"\" width=\"300\" height=\"130\" srcset=\"https:\/\/face.unt.edu.ar\/web\/iadmin\/wp-content\/uploads\/sites\/2\/2021\/11\/WhatsApp-Image-2021-11-16-at-08.32.23-300x130.jpeg 300w, https:\/\/face.unt.edu.ar\/web\/iadmin\/wp-content\/uploads\/sites\/2\/2021\/11\/WhatsApp-Image-2021-11-16-at-08.32.23-1024x443.jpeg 1024w, https:\/\/face.unt.edu.ar\/web\/iadmin\/wp-content\/uploads\/sites\/2\/2021\/11\/WhatsApp-Image-2021-11-16-at-08.32.23-768x332.jpeg 768w, https:\/\/face.unt.edu.ar\/web\/iadmin\/wp-content\/uploads\/sites\/2\/2021\/11\/WhatsApp-Image-2021-11-16-at-08.32.23.jpeg 1280w\" sizes=\"(max-width: 300px) 100vw, 300px\" \/><\/a><\/div>\n<div><a href=\"https:\/\/face.unt.edu.ar\/web\/iadmin\/wp-content\/uploads\/sites\/2\/2021\/11\/WhatsApp-Image-2021-11-16-at-08.32.25.jpeg\"><img decoding=\"async\" loading=\"lazy\" class=\"size-medium wp-image-5256 alignnone\" src=\"https:\/\/face.unt.edu.ar\/web\/iadmin\/wp-content\/uploads\/sites\/2\/2021\/11\/WhatsApp-Image-2021-11-16-at-08.32.25-300x128.jpeg\" alt=\"\" width=\"300\" height=\"128\" srcset=\"https:\/\/face.unt.edu.ar\/web\/iadmin\/wp-content\/uploads\/sites\/2\/2021\/11\/WhatsApp-Image-2021-11-16-at-08.32.25-300x128.jpeg 300w, https:\/\/face.unt.edu.ar\/web\/iadmin\/wp-content\/uploads\/sites\/2\/2021\/11\/WhatsApp-Image-2021-11-16-at-08.32.25-1024x436.jpeg 1024w, https:\/\/face.unt.edu.ar\/web\/iadmin\/wp-content\/uploads\/sites\/2\/2021\/11\/WhatsApp-Image-2021-11-16-at-08.32.25-768x327.jpeg 768w, https:\/\/face.unt.edu.ar\/web\/iadmin\/wp-content\/uploads\/sites\/2\/2021\/11\/WhatsApp-Image-2021-11-16-at-08.32.25.jpeg 1280w\" sizes=\"(max-width: 300px) 100vw, 300px\" \/><\/a><\/div>\n<div>\n<div dir=\"ltr\">\n<div dir=\"ltr\">\n<div dir=\"ltr\">\n<div><\/div>\n<\/div>\n<\/div>\n<\/div>\n<\/div>\n<div><\/div>\n<div><\/div>\n<div><\/div>\n<div><\/div>\n<div><\/div>\n<div><\/div>\n<div><\/div>\n<div><\/div>\n<div><\/div>\n<div><\/div>\n<div><\/div>\n<div><\/div>\n<div><\/div>\n<div><\/div>\n<div><\/div>\n<div><\/div>\n<div><\/div>\n<div><\/div>\n<div><\/div>\n<div><\/div>\n<div><\/div>\n<div>\n<div dir=\"ltr\">\n<div dir=\"ltr\">\n<div dir=\"ltr\">\n<div><\/div>\n<div><\/div>\n<div><\/div>\n<div>\n<p>&nbsp;<\/p>\n<p>&nbsp;<\/p>\n<\/div>\n<div>\n<div><\/div>\n<div><\/div>\n<\/div>\n<\/div>\n<\/div>\n<\/div>\n<\/div>\n","protected":false},"excerpt":{"rendered":"<p>Del 28 al 30 de octubre de 2021 se llev\u00f3 a cabo la XI JORNADA DE CONVIVENCIA DE LA LICENCIATURA EN ADMINISTRACI\u00d3N (modalidad virtual) La Agenda de la Jornada fue: 28\/10 &#8211; 15:30 hs &#8211;\u00a0AGOSTINA MARANZANA, egresada de la licenciatura, presentar\u00e1 el proyecto de aplicaci\u00f3n de energ\u00edas renovables para riego en la empresa Nynagro. 29\/10 [&hellip;]<\/p>\n","protected":false},"author":9,"featured_media":5251,"comment_status":"open","ping_status":"open","sticky":false,"template":"","format":"standard","meta":{"footnotes":""},"categories":[4,14],"tags":[],"_links":{"self":[{"href":"https:\/\/face.unt.edu.ar\/web\/iadmin\/wp-json\/wp\/v2\/posts\/5250"}],"collection":[{"href":"https:\/\/face.unt.edu.ar\/web\/iadmin\/wp-json\/wp\/v2\/posts"}],"about":[{"href":"https:\/\/face.unt.edu.ar\/web\/iadmin\/wp-json\/wp\/v2\/types\/post"}],"author":[{"embeddable":true,"href":"https:\/\/face.unt.edu.ar\/web\/iadmin\/wp-json\/wp\/v2\/users\/9"}],"replies":[{"embeddable":true,"href":"https:\/\/face.unt.edu.ar\/web\/iadmin\/wp-json\/wp\/v2\/comments?post=5250"}],"version-history":[{"count":27,"href":"https:\/\/face.unt.edu.ar\/web\/iadmin\/wp-json\/wp\/v2\/posts\/5250\/revisions"}],"predecessor-version":[{"id":5284,"href":"https:\/\/face.unt.edu.ar\/web\/iadmin\/wp-json\/wp\/v2\/posts\/5250\/revisions\/5284"}],"wp:featuredmedia":[{"embeddable":true,"href":"https:\/\/face.unt.edu.ar\/web\/iadmin\/wp-json\/wp\/v2\/media\/5251"}],"wp:attachment":[{"href":"https:\/\/face.unt.edu.ar\/web\/iadmin\/wp-json\/wp\/v2\/media?parent=5250"}],"wp:term":[{"taxonomy":"category","embeddable":true,"href":"https:\/\/face.unt.edu.ar\/web\/iadmin\/wp-json\/wp\/v2\/categories?post=5250"},{"taxonomy":"post_tag","embeddable":true,"href":"https:\/\/face.unt.edu.ar\/web\/iadmin\/wp-json\/wp\/v2\/tags?post=5250"}],"curies":[{"name":"wp","href":"https:\/\/api.w.org\/{rel}","templated":true}]}}