{"id":5570,"date":"2022-06-02T21:56:42","date_gmt":"2022-06-02T21:56:42","guid":{"rendered":"https:\/\/face.unt.edu.ar\/web\/iadmin\/?p=5570"},"modified":"2025-04-14T17:12:32","modified_gmt":"2025-04-14T17:12:32","slug":"xi-matila-muestra-academica-de-trabajos-de-investigacion-en-administracion","status":"publish","type":"post","link":"https:\/\/face.unt.edu.ar\/web\/iadmin\/xi-matila-muestra-academica-de-trabajos-de-investigacion-en-administracion\/","title":{"rendered":"XI MATILA &#8211; MUESTRA ACAD\u00c9MICA DE TRABAJOS DE INVESTIGACI\u00d3N EN ADMINISTRACI\u00d3N"},"content":{"rendered":"<p><strong>\u00a0<\/strong>El\u00a0<strong>Instituto de Administraci\u00f3n\u00a0<\/strong>de la<strong>\u00a0Facultad de Ciencias Econ\u00f3micas\u00a0<\/strong>de la<strong>\u00a0Universidad Nacional de Tucum\u00e1n\u00a0<\/strong>organiza la<strong>\u00a0XI MATILA &#8211; Muestra Acad\u00e9mica de Trabajos de Investigaci\u00f3n de la Licenciatura en Administraci\u00f3n<\/strong>, que se realizar\u00e1 en\u00a0<strong>Modalidad Virtual<\/strong>\u00a0desde el\u00a0<strong>lunes 27 de junio al viernes 8 de julio de 2022.<\/strong><\/p>\n<p>El\u00a0<strong>objetivo de la Muestra Acad\u00e9mica es generar un espacio de reflexi\u00f3n y an\u00e1lisis de nuestra disciplina\u00a0<\/strong>a trav\u00e9s de la exposici\u00f3n de los trabajos finales de la Licenciatura en Administraci\u00f3n, elaborados en el marco de los siguientes espacios curriculares:<\/p>\n<ul>\n<li><strong>Taller de Metodolog\u00eda de la Investigaci\u00f3n en Administraci\u00f3n<\/strong><\/li>\n<li><strong>Investigaci\u00f3n Operativa\/An\u00e1lisis Cuantitativo de Negocios I<\/strong><\/li>\n<li><strong>Pr\u00e1ctica Profesional de la Licenciatura en Administraci\u00f3n<\/strong><\/li>\n<li><strong>Formulaci\u00f3n y Evaluaci\u00f3n de Proyectos de Inversi\u00f3n<\/strong><\/li>\n<li><strong>Actualizaci\u00f3n en Temas de Administraci\u00f3n<\/strong><\/li>\n<li><strong>Sociolog\u00eda<\/strong><\/li>\n<\/ul>\n<p>Por\u00a0mayor informaci\u00f3n consultar los archivos adjuntos.<\/p>\n<p><a href=\"https:\/\/face.unt.edu.ar\/web\/iadmin\/wp-content\/uploads\/sites\/2\/2022\/06\/XI-MATILA.pdf\">Circular<\/a><\/p>\n<p><a href=\"https:\/\/face.unt.edu.ar\/web\/iadmin\/wp-content\/uploads\/sites\/2\/2022\/06\/Plantilla-Trabajos-XI-MATILA.pdf\">Plantilla de trabajo<\/a><\/p>\n<p>Los esperamos.<\/p>\n<p>Prof. Marcelo Medina<\/p>\n<p>Comit\u00e9 Organizador\u00a0X\u00a0MATILA<\/p>\n","protected":false},"excerpt":{"rendered":"<p>\u00a0El\u00a0Instituto de Administraci\u00f3n\u00a0de la\u00a0Facultad de Ciencias Econ\u00f3micas\u00a0de la\u00a0Universidad Nacional de Tucum\u00e1n\u00a0organiza la\u00a0XI MATILA &#8211; Muestra Acad\u00e9mica de Trabajos de Investigaci\u00f3n de la Licenciatura en Administraci\u00f3n, que se realizar\u00e1 en\u00a0Modalidad Virtual\u00a0desde el\u00a0lunes 27 de junio al viernes 8 de julio de 2022. El\u00a0objetivo de la Muestra Acad\u00e9mica es generar un espacio de reflexi\u00f3n y an\u00e1lisis de [&hellip;]<\/p>\n","protected":false},"author":9,"featured_media":5573,"comment_status":"open","ping_status":"open","sticky":false,"template":"","format":"standard","meta":{"footnotes":""},"categories":[4,14],"tags":[],"_links":{"self":[{"href":"https:\/\/face.unt.edu.ar\/web\/iadmin\/wp-json\/wp\/v2\/posts\/5570"}],"collection":[{"href":"https:\/\/face.unt.edu.ar\/web\/iadmin\/wp-json\/wp\/v2\/posts"}],"about":[{"href":"https:\/\/face.unt.edu.ar\/web\/iadmin\/wp-json\/wp\/v2\/types\/post"}],"author":[{"embeddable":true,"href":"https:\/\/face.unt.edu.ar\/web\/iadmin\/wp-json\/wp\/v2\/users\/9"}],"replies":[{"embeddable":true,"href":"https:\/\/face.unt.edu.ar\/web\/iadmin\/wp-json\/wp\/v2\/comments?post=5570"}],"version-history":[{"count":2,"href":"https:\/\/face.unt.edu.ar\/web\/iadmin\/wp-json\/wp\/v2\/posts\/5570\/revisions"}],"predecessor-version":[{"id":5575,"href":"https:\/\/face.unt.edu.ar\/web\/iadmin\/wp-json\/wp\/v2\/posts\/5570\/revisions\/5575"}],"wp:featuredmedia":[{"embeddable":true,"href":"https:\/\/face.unt.edu.ar\/web\/iadmin\/wp-json\/wp\/v2\/media\/5573"}],"wp:attachment":[{"href":"https:\/\/face.unt.edu.ar\/web\/iadmin\/wp-json\/wp\/v2\/media?parent=5570"}],"wp:term":[{"taxonomy":"category","embeddable":true,"href":"https:\/\/face.unt.edu.ar\/web\/iadmin\/wp-json\/wp\/v2\/categories?post=5570"},{"taxonomy":"post_tag","embeddable":true,"href":"https:\/\/face.unt.edu.ar\/web\/iadmin\/wp-json\/wp\/v2\/tags?post=5570"}],"curies":[{"name":"wp","href":"https:\/\/api.w.org\/{rel}","templated":true}]}}