{"id":5641,"date":"2022-06-13T11:37:33","date_gmt":"2022-06-13T11:37:33","guid":{"rendered":"https:\/\/face.unt.edu.ar\/web\/iadmin\/?p=5641"},"modified":"2025-04-14T17:07:41","modified_gmt":"2025-04-14T17:07:41","slug":"charla-abierta-sobre-mi-experiencia-como-investigadora-en-western-university","status":"publish","type":"post","link":"https:\/\/face.unt.edu.ar\/web\/iadmin\/charla-abierta-sobre-mi-experiencia-como-investigadora-en-western-university\/","title":{"rendered":"Charla abierta sobre  &#8211; M\u00ed experiencia como investigadora en Western University"},"content":{"rendered":"<p>El jueves 09\/06 se llev\u00f3 a cabo una charla abierta sobre \u00abM\u00ed experiencia como investigadora en Western University\u00bb, a cargo de Ph.D. Cecilia D\u00edaz Campo<\/p>\n<p>Organizado por la C\u00e1tedra de Taller de Metodolog\u00eda de Investigaci\u00f3n en Administraci\u00f3n<\/p>\n<p>Puedes disfrutar la charla completa en<\/p>\n<p><iframe loading=\"lazy\" title=\"Mi experiencia como investigadora en Western University\" width=\"696\" height=\"392\" src=\"https:\/\/www.youtube.com\/embed\/7qUbPFj564M?feature=oembed\" frameborder=\"0\" allow=\"accelerometer; autoplay; clipboard-write; encrypted-media; gyroscope; picture-in-picture; web-share\" referrerpolicy=\"strict-origin-when-cross-origin\" allowfullscreen><\/iframe><\/p>\n<p><a href=\"https:\/\/face.unt.edu.ar\/web\/iadmin\/wp-content\/uploads\/sites\/2\/2022\/06\/Mi-experiencia-como-investigadora-en-Western-University.jpg\"><img decoding=\"async\" loading=\"lazy\" class=\"size-medium wp-image-5643 alignright\" src=\"https:\/\/face.unt.edu.ar\/web\/iadmin\/wp-content\/uploads\/sites\/2\/2022\/06\/Mi-experiencia-como-investigadora-en-Western-University-300x169.jpg\" alt=\"\" width=\"300\" height=\"169\" srcset=\"https:\/\/face.unt.edu.ar\/web\/iadmin\/wp-content\/uploads\/sites\/2\/2022\/06\/Mi-experiencia-como-investigadora-en-Western-University-300x169.jpg 300w, https:\/\/face.unt.edu.ar\/web\/iadmin\/wp-content\/uploads\/sites\/2\/2022\/06\/Mi-experiencia-como-investigadora-en-Western-University-1024x576.jpg 1024w, https:\/\/face.unt.edu.ar\/web\/iadmin\/wp-content\/uploads\/sites\/2\/2022\/06\/Mi-experiencia-como-investigadora-en-Western-University-768x432.jpg 768w, https:\/\/face.unt.edu.ar\/web\/iadmin\/wp-content\/uploads\/sites\/2\/2022\/06\/Mi-experiencia-como-investigadora-en-Western-University-1536x864.jpg 1536w, https:\/\/face.unt.edu.ar\/web\/iadmin\/wp-content\/uploads\/sites\/2\/2022\/06\/Mi-experiencia-como-investigadora-en-Western-University.jpg 1920w\" sizes=\"(max-width: 300px) 100vw, 300px\" \/><\/a><a href=\"https:\/\/face.unt.edu.ar\/web\/iadmin\/wp-content\/uploads\/sites\/2\/2022\/06\/Mi-experiencia-como-investigadora-en-Western-University-1.jpg\"><img decoding=\"async\" loading=\"lazy\" class=\"size-medium wp-image-5642 alignleft\" src=\"https:\/\/face.unt.edu.ar\/web\/iadmin\/wp-content\/uploads\/sites\/2\/2022\/06\/Mi-experiencia-como-investigadora-en-Western-University-1-300x169.jpg\" alt=\"\" width=\"300\" height=\"169\" srcset=\"https:\/\/face.unt.edu.ar\/web\/iadmin\/wp-content\/uploads\/sites\/2\/2022\/06\/Mi-experiencia-como-investigadora-en-Western-University-1-300x169.jpg 300w, https:\/\/face.unt.edu.ar\/web\/iadmin\/wp-content\/uploads\/sites\/2\/2022\/06\/Mi-experiencia-como-investigadora-en-Western-University-1-1024x576.jpg 1024w, https:\/\/face.unt.edu.ar\/web\/iadmin\/wp-content\/uploads\/sites\/2\/2022\/06\/Mi-experiencia-como-investigadora-en-Western-University-1-768x432.jpg 768w, https:\/\/face.unt.edu.ar\/web\/iadmin\/wp-content\/uploads\/sites\/2\/2022\/06\/Mi-experiencia-como-investigadora-en-Western-University-1-1536x864.jpg 1536w, https:\/\/face.unt.edu.ar\/web\/iadmin\/wp-content\/uploads\/sites\/2\/2022\/06\/Mi-experiencia-como-investigadora-en-Western-University-1.jpg 1920w\" sizes=\"(max-width: 300px) 100vw, 300px\" \/><\/a><\/p>\n","protected":false},"excerpt":{"rendered":"<p>El jueves 09\/06 se llev\u00f3 a cabo una charla abierta sobre \u00abM\u00ed experiencia como investigadora en Western University\u00bb, a cargo de Ph.D. Cecilia D\u00edaz Campo Organizado por la C\u00e1tedra de Taller de Metodolog\u00eda de Investigaci\u00f3n en Administraci\u00f3n Puedes disfrutar la charla completa en<\/p>\n","protected":false},"author":9,"featured_media":5625,"comment_status":"open","ping_status":"open","sticky":false,"template":"","format":"standard","meta":{"footnotes":""},"categories":[4,14],"tags":[],"_links":{"self":[{"href":"https:\/\/face.unt.edu.ar\/web\/iadmin\/wp-json\/wp\/v2\/posts\/5641"}],"collection":[{"href":"https:\/\/face.unt.edu.ar\/web\/iadmin\/wp-json\/wp\/v2\/posts"}],"about":[{"href":"https:\/\/face.unt.edu.ar\/web\/iadmin\/wp-json\/wp\/v2\/types\/post"}],"author":[{"embeddable":true,"href":"https:\/\/face.unt.edu.ar\/web\/iadmin\/wp-json\/wp\/v2\/users\/9"}],"replies":[{"embeddable":true,"href":"https:\/\/face.unt.edu.ar\/web\/iadmin\/wp-json\/wp\/v2\/comments?post=5641"}],"version-history":[{"count":2,"href":"https:\/\/face.unt.edu.ar\/web\/iadmin\/wp-json\/wp\/v2\/posts\/5641\/revisions"}],"predecessor-version":[{"id":5645,"href":"https:\/\/face.unt.edu.ar\/web\/iadmin\/wp-json\/wp\/v2\/posts\/5641\/revisions\/5645"}],"wp:featuredmedia":[{"embeddable":true,"href":"https:\/\/face.unt.edu.ar\/web\/iadmin\/wp-json\/wp\/v2\/media\/5625"}],"wp:attachment":[{"href":"https:\/\/face.unt.edu.ar\/web\/iadmin\/wp-json\/wp\/v2\/media?parent=5641"}],"wp:term":[{"taxonomy":"category","embeddable":true,"href":"https:\/\/face.unt.edu.ar\/web\/iadmin\/wp-json\/wp\/v2\/categories?post=5641"},{"taxonomy":"post_tag","embeddable":true,"href":"https:\/\/face.unt.edu.ar\/web\/iadmin\/wp-json\/wp\/v2\/tags?post=5641"}],"curies":[{"name":"wp","href":"https:\/\/api.w.org\/{rel}","templated":true}]}}