{"id":5837,"date":"2022-08-18T13:11:35","date_gmt":"2022-08-18T13:11:35","guid":{"rendered":"https:\/\/face.unt.edu.ar\/web\/iadmin\/?p=5837"},"modified":"2022-12-15T11:31:22","modified_gmt":"2022-12-15T11:31:22","slug":"congreso-internacional-de-investigacion-en-ciencias-de-la-administracion-ciicadm-2","status":"publish","type":"post","link":"https:\/\/face.unt.edu.ar\/web\/iadmin\/congreso-internacional-de-investigacion-en-ciencias-de-la-administracion-ciicadm-2\/","title":{"rendered":"Participaci\u00f3n del Instituto de Administraci\u00f3n en el II Encuentro Internacional de Investigaci\u00f3n en Ciencias Administrativas y Experiencias Empresariales"},"content":{"rendered":"<p>Este evento de investigaci\u00f3n, organizado por la Escuela de Administraci\u00f3n de la Universidad del Rosario, surgi\u00f3 como una iniciativa para fomentar la investigaci\u00f3n formativa en Ciencias Administrativas y Experiencias Empresariales. Al II Encuentro Internacional de Investigaci\u00f3n en Ciencias Administrativas y Experiencias Empresariales, realizado el 13 y 14 de mayo en Bogot\u00e1 (Colombia), acudieron 145 participantes y 140 asistentes, y cont\u00f3 con dos conferencias centrales y 53 ponencias presentadas en ocho simposios.<\/p>\n<p>Desde el Instituto de Administraci\u00f3n de la Facultad de Ciencias Econ\u00f3micas se presentar\u00e1n cuatro trabajos:<\/p>\n<p><a href=\"https:\/\/face.unt.edu.ar\/web\/iadmin\/wp-content\/uploads\/sites\/2\/2022\/08\/4-1.png\"><img decoding=\"async\" loading=\"lazy\" class=\"size-medium wp-image-5838 alignleft\" src=\"https:\/\/face.unt.edu.ar\/web\/iadmin\/wp-content\/uploads\/sites\/2\/2022\/08\/4-1-300x300.png\" alt=\"\" width=\"300\" height=\"300\" srcset=\"https:\/\/face.unt.edu.ar\/web\/iadmin\/wp-content\/uploads\/sites\/2\/2022\/08\/4-1-300x300.png 300w, https:\/\/face.unt.edu.ar\/web\/iadmin\/wp-content\/uploads\/sites\/2\/2022\/08\/4-1-1024x1024.png 1024w, https:\/\/face.unt.edu.ar\/web\/iadmin\/wp-content\/uploads\/sites\/2\/2022\/08\/4-1-150x150.png 150w, https:\/\/face.unt.edu.ar\/web\/iadmin\/wp-content\/uploads\/sites\/2\/2022\/08\/4-1-768x768.png 768w, https:\/\/face.unt.edu.ar\/web\/iadmin\/wp-content\/uploads\/sites\/2\/2022\/08\/4-1.png 1080w\" sizes=\"(max-width: 300px) 100vw, 300px\" \/><\/a> <a href=\"https:\/\/face.unt.edu.ar\/web\/iadmin\/wp-content\/uploads\/sites\/2\/2022\/08\/3-1.png\"><img decoding=\"async\" loading=\"lazy\" class=\"size-medium wp-image-5839 alignright\" src=\"https:\/\/face.unt.edu.ar\/web\/iadmin\/wp-content\/uploads\/sites\/2\/2022\/08\/3-1-300x300.png\" alt=\"\" width=\"300\" height=\"300\" srcset=\"https:\/\/face.unt.edu.ar\/web\/iadmin\/wp-content\/uploads\/sites\/2\/2022\/08\/3-1-300x300.png 300w, https:\/\/face.unt.edu.ar\/web\/iadmin\/wp-content\/uploads\/sites\/2\/2022\/08\/3-1-1024x1024.png 1024w, https:\/\/face.unt.edu.ar\/web\/iadmin\/wp-content\/uploads\/sites\/2\/2022\/08\/3-1-150x150.png 150w, https:\/\/face.unt.edu.ar\/web\/iadmin\/wp-content\/uploads\/sites\/2\/2022\/08\/3-1-768x768.png 768w, https:\/\/face.unt.edu.ar\/web\/iadmin\/wp-content\/uploads\/sites\/2\/2022\/08\/3-1.png 1080w\" sizes=\"(max-width: 300px) 100vw, 300px\" \/><\/a><\/p>\n<p>&nbsp;<\/p>\n<p>&nbsp;<\/p>\n<p>&nbsp;<\/p>\n<p>&nbsp;<\/p>\n<p>&nbsp;<\/p>\n<p>&nbsp;<\/p>\n<p><a href=\"https:\/\/face.unt.edu.ar\/web\/iadmin\/wp-content\/uploads\/sites\/2\/2022\/08\/2-5.png\"><img decoding=\"async\" loading=\"lazy\" class=\"size-medium wp-image-5840 alignleft\" src=\"https:\/\/face.unt.edu.ar\/web\/iadmin\/wp-content\/uploads\/sites\/2\/2022\/08\/2-5-300x300.png\" alt=\"\" width=\"300\" height=\"300\" srcset=\"https:\/\/face.unt.edu.ar\/web\/iadmin\/wp-content\/uploads\/sites\/2\/2022\/08\/2-5-300x300.png 300w, https:\/\/face.unt.edu.ar\/web\/iadmin\/wp-content\/uploads\/sites\/2\/2022\/08\/2-5-1024x1024.png 1024w, https:\/\/face.unt.edu.ar\/web\/iadmin\/wp-content\/uploads\/sites\/2\/2022\/08\/2-5-150x150.png 150w, https:\/\/face.unt.edu.ar\/web\/iadmin\/wp-content\/uploads\/sites\/2\/2022\/08\/2-5-768x768.png 768w, https:\/\/face.unt.edu.ar\/web\/iadmin\/wp-content\/uploads\/sites\/2\/2022\/08\/2-5.png 1080w\" sizes=\"(max-width: 300px) 100vw, 300px\" \/><\/a> <a href=\"https:\/\/face.unt.edu.ar\/web\/iadmin\/wp-content\/uploads\/sites\/2\/2022\/08\/5-1.png\"><img decoding=\"async\" loading=\"lazy\" class=\"size-medium wp-image-5841 alignright\" src=\"https:\/\/face.unt.edu.ar\/web\/iadmin\/wp-content\/uploads\/sites\/2\/2022\/08\/5-1-300x300.png\" alt=\"\" width=\"300\" height=\"300\" srcset=\"https:\/\/face.unt.edu.ar\/web\/iadmin\/wp-content\/uploads\/sites\/2\/2022\/08\/5-1-300x300.png 300w, https:\/\/face.unt.edu.ar\/web\/iadmin\/wp-content\/uploads\/sites\/2\/2022\/08\/5-1-1024x1024.png 1024w, https:\/\/face.unt.edu.ar\/web\/iadmin\/wp-content\/uploads\/sites\/2\/2022\/08\/5-1-150x150.png 150w, https:\/\/face.unt.edu.ar\/web\/iadmin\/wp-content\/uploads\/sites\/2\/2022\/08\/5-1-768x768.png 768w, https:\/\/face.unt.edu.ar\/web\/iadmin\/wp-content\/uploads\/sites\/2\/2022\/08\/5-1.png 1080w\" sizes=\"(max-width: 300px) 100vw, 300px\" \/><\/a><\/p>\n<p>&nbsp;<\/p>\n<p>&nbsp;<\/p>\n<p>&nbsp;<\/p>\n<p>&nbsp;<\/p>\n<p>&nbsp;<\/p>\n<p>&nbsp;<\/p>\n<p>Desde el Instituto de Administraci\u00f3n de la Facultad de Ciencias Econ\u00f3micas se presentaron cuatro trabajos:<br \/>\n<img decoding=\"async\" class=\"an1 alignleft\" src=\"https:\/\/fonts.gstatic.com\/s\/e\/notoemoji\/14.0\/1f4da\/32.png\" alt=\"\ud83d\udcda\" data-emoji=\"\ud83d\udcda\" aria-label=\"\ud83d\udcda\" \/>\u00a0Aplicaci\u00f3n de m\u00e9todos de investigaci\u00f3n operativa soft en organizaciones de San Miguel de Tucum\u00e1n (Rep\u00fablica Argentina)<br \/>\nAutora: Sof\u00eda Alul<br \/>\nDirector: Marcelo Enrique Medina Galv\u00e1n<\/p>\n<p><img decoding=\"async\" class=\"an1 alignleft\" src=\"https:\/\/fonts.gstatic.com\/s\/e\/notoemoji\/14.0\/1f4da\/32.png\" alt=\"\ud83d\udcda\" data-emoji=\"\ud83d\udcda\" aria-label=\"\ud83d\udcda\" \/>Aplicaciones de dise\u00f1o organizacional y anal\u00edtica de negocios para el \u00e1rea de comercio exterior en empresa industrial<br \/>\nAutora: Ivanna Beatriz Murua<br \/>\nDirector: Marcelo Enrique Medina Galv\u00e1n<\/p>\n<p><img decoding=\"async\" class=\"an1 alignleft\" src=\"https:\/\/fonts.gstatic.com\/s\/e\/notoemoji\/14.0\/1f4da\/32.png\" alt=\"\ud83d\udcda\" data-emoji=\"\ud83d\udcda\" aria-label=\"\ud83d\udcda\" \/>Certificaci\u00f3n del protocolo Global gap y su utilizaci\u00f3n en la exportaci\u00f3n de fruta fresca de Tucum\u00e1n<br \/>\nAutora: Mar\u00eda Enriqueta Martos<\/p>\n<p><img decoding=\"async\" class=\"an1 alignleft\" src=\"https:\/\/fonts.gstatic.com\/s\/e\/notoemoji\/14.0\/1f4da\/32.png\" alt=\"\ud83d\udcda\" data-emoji=\"\ud83d\udcda\" aria-label=\"\ud83d\udcda\" \/>Modelo de an\u00e1lisis organizacional multidimensional. Aplicaciones en pymes familiares<br \/>\nAutores: Patricio Cossio, Javier Antonio Garc\u00eda, Marcelo Enrique Medina Galv\u00e1n<\/p>\n<p>Compartimos los enlaces respectivos de las investigaciones presentadas:<\/p>\n<p><a href=\"https:\/\/revistas.urosario.edu.co\/index.php\/empresa\/article\/view\/11935\" target=\"_blank\" rel=\"noopener\" data-saferedirecturl=\"https:\/\/www.google.com\/url?q=https:\/\/revistas.urosario.edu.co\/index.php\/empresa\/article\/view\/11935&amp;source=gmail&amp;ust=1660917182032000&amp;usg=AOvVaw2qL_8GAoXCMfQkhboDIKRi\">https:\/\/revistas.urosario.edu.co\/index.php\/empresa\/article\/view\/11935<\/a><\/p>\n<p><a href=\"https:\/\/revistas.urosario.edu.co\/index.php\/empresa\/article\/view\/12062\" target=\"_blank\" rel=\"noopener\" data-saferedirecturl=\"https:\/\/www.google.com\/url?q=https:\/\/revistas.urosario.edu.co\/index.php\/empresa\/article\/view\/12062&amp;source=gmail&amp;ust=1660917182032000&amp;usg=AOvVaw0Nvphiezt5BvNt5TUUEeOe\">https:\/\/revistas.urosario.edu.co\/index.php\/empresa\/article\/view\/12062<\/a><\/p>\n<div class=\"yj6qo\"><\/div>\n<div class=\"adL\"><\/div>\n","protected":false},"excerpt":{"rendered":"<p>Este evento de investigaci\u00f3n, organizado por la Escuela de Administraci\u00f3n de la Universidad del Rosario, surgi\u00f3 como una iniciativa para fomentar la investigaci\u00f3n formativa en Ciencias Administrativas y Experiencias Empresariales. Al II Encuentro Internacional de Investigaci\u00f3n en Ciencias Administrativas y Experiencias Empresariales, realizado el 13 y 14 de mayo en Bogot\u00e1 (Colombia), acudieron 145 participantes [&hellip;]<\/p>\n","protected":false},"author":9,"featured_media":5842,"comment_status":"open","ping_status":"open","sticky":false,"template":"","format":"standard","meta":{"footnotes":""},"categories":[4,14],"tags":[],"_links":{"self":[{"href":"https:\/\/face.unt.edu.ar\/web\/iadmin\/wp-json\/wp\/v2\/posts\/5837"}],"collection":[{"href":"https:\/\/face.unt.edu.ar\/web\/iadmin\/wp-json\/wp\/v2\/posts"}],"about":[{"href":"https:\/\/face.unt.edu.ar\/web\/iadmin\/wp-json\/wp\/v2\/types\/post"}],"author":[{"embeddable":true,"href":"https:\/\/face.unt.edu.ar\/web\/iadmin\/wp-json\/wp\/v2\/users\/9"}],"replies":[{"embeddable":true,"href":"https:\/\/face.unt.edu.ar\/web\/iadmin\/wp-json\/wp\/v2\/comments?post=5837"}],"version-history":[{"count":3,"href":"https:\/\/face.unt.edu.ar\/web\/iadmin\/wp-json\/wp\/v2\/posts\/5837\/revisions"}],"predecessor-version":[{"id":5845,"href":"https:\/\/face.unt.edu.ar\/web\/iadmin\/wp-json\/wp\/v2\/posts\/5837\/revisions\/5845"}],"wp:featuredmedia":[{"embeddable":true,"href":"https:\/\/face.unt.edu.ar\/web\/iadmin\/wp-json\/wp\/v2\/media\/5842"}],"wp:attachment":[{"href":"https:\/\/face.unt.edu.ar\/web\/iadmin\/wp-json\/wp\/v2\/media?parent=5837"}],"wp:term":[{"taxonomy":"category","embeddable":true,"href":"https:\/\/face.unt.edu.ar\/web\/iadmin\/wp-json\/wp\/v2\/categories?post=5837"},{"taxonomy":"post_tag","embeddable":true,"href":"https:\/\/face.unt.edu.ar\/web\/iadmin\/wp-json\/wp\/v2\/tags?post=5837"}],"curies":[{"name":"wp","href":"https:\/\/api.w.org\/{rel}","templated":true}]}}