{"id":5869,"date":"2022-08-23T08:30:17","date_gmt":"2022-08-23T08:30:17","guid":{"rendered":"https:\/\/face.unt.edu.ar\/web\/iadmin\/?p=5869"},"modified":"2022-12-15T11:28:31","modified_gmt":"2022-12-15T11:28:31","slug":"seminario-de-economia-ambiental","status":"publish","type":"post","link":"https:\/\/face.unt.edu.ar\/web\/iadmin\/seminario-de-economia-ambiental\/","title":{"rendered":"Seminario de Econom\u00eda Ambiental"},"content":{"rendered":"<p>En el marco de la asignatura PR\u00c1CTICA PROFESIONAL, invitamos a participar del Seminario de Econom\u00eda Ambiental, a cargo de la Mg. Mariana Delgado Cordom\u00ed<\/p>\n<p>La misma se llevar\u00e1 a cabo este Lunes 22\/08 y mi\u00e9rcoles 24\/08 de 18.30 a 20hs, en el aula 15 y por la plataforma Zoom<\/p>\n<p>ID de reuni\u00f3n: 829 2294 2827<br \/>\nC\u00f3digo de acceso: pplea<\/p>\n<p><a href=\"https:\/\/us06web.zoom.us\/j\/82922942827?pwd=OGtSenRxSWJKQ0tGRm12WkFXR2VQUT09\" target=\"_blank\" rel=\"noopener\" data-saferedirecturl=\"https:\/\/www.google.com\/url?q=https:\/\/us06web.zoom.us\/j\/82922942827?pwd%3DOGtSenRxSWJKQ0tGRm12WkFXR2VQUT09&amp;source=gmail&amp;ust=1661268510785000&amp;usg=AOvVaw0nS-QuEmI157LWD2F9LRCH\">https:\/\/us06web.zoom.us\/j\/82922942827?pwd=OGtSenRxSWJKQ0tGRm12WkFXR2VQUT09<\/a><\/p>\n<p><img decoding=\"async\" class=\"an1 alignleft\" src=\"https:\/\/fonts.gstatic.com\/s\/e\/notoemoji\/14.0\/231b\/32.png\" alt=\"\u231b\" data-emoji=\"\u231b\" aria-label=\"\u231b\" \/>Actividad No Arancelada<\/p>\n<p><img decoding=\"async\" class=\"an1 alignleft\" src=\"https:\/\/fonts.gstatic.com\/s\/e\/notoemoji\/14.0\/231b\/32.png\" alt=\"\u231b\" data-emoji=\"\u231b\" aria-label=\"\u231b\" \/>Entrega de certificados (asistencia en ambos encuentros y presentaci\u00f3n de un informe)<\/p>\n<p><img decoding=\"async\" class=\"an1 alignleft\" src=\"https:\/\/fonts.gstatic.com\/s\/e\/notoemoji\/14.0\/231b\/32.png\" alt=\"\u231b\" data-emoji=\"\u231b\" aria-label=\"\u231b\" \/>\u00a0Dirigida a todos los estudiantes de la Licenciatura en Administraci\u00f3n<\/p>\n<p><img decoding=\"async\" class=\"an1 alignleft\" src=\"https:\/\/fonts.gstatic.com\/s\/e\/notoemoji\/14.0\/1f517\/32.png\" alt=\"\ud83d\udd17\" data-emoji=\"\ud83d\udd17\" aria-label=\"\ud83d\udd17\" \/>Enlace para inscripci\u00f3n:<br \/>\n<a href=\"https:\/\/docs.google.com\/forms\/d\/1WCKOzO3lsdwAqJ4lCEF0qawBWXxxSbV220fKO80aU60\/edit\" target=\"_blank\" rel=\"noopener\" data-saferedirecturl=\"https:\/\/www.google.com\/url?q=https:\/\/docs.google.com\/forms\/d\/1WCKOzO3lsdwAqJ4lCEF0qawBWXxxSbV220fKO80aU60\/edit&amp;source=gmail&amp;ust=1661268510785000&amp;usg=AOvVaw2Rw3ndUhpOA5bbevSSlEDt\">https:\/\/docs.google.com\/forms\/d\/1WCKOzO3lsdwAqJ4lCEF0qawBWXxxSbV220fKO80aU60\/edit<\/a><\/p>\n<p>\u00a1Los esperamos!\u00a0<img decoding=\"async\" class=\"an1\" src=\"https:\/\/fonts.gstatic.com\/s\/e\/notoemoji\/14.0\/1f64c_1f3fc\/32.png\" alt=\"\ud83d\ude4c\ud83c\udffc\" data-emoji=\"\ud83d\ude4c\ud83c\udffc\" aria-label=\"\ud83d\ude4c\ud83c\udffc\" \/><\/p>\n","protected":false},"excerpt":{"rendered":"<p>En el marco de la asignatura PR\u00c1CTICA PROFESIONAL, invitamos a participar del Seminario de Econom\u00eda Ambiental, a cargo de la Mg. Mariana Delgado Cordom\u00ed La misma se llevar\u00e1 a cabo este Lunes 22\/08 y mi\u00e9rcoles 24\/08 de 18.30 a 20hs, en el aula 15 y por la plataforma Zoom ID de reuni\u00f3n: 829 2294 2827 [&hellip;]<\/p>\n","protected":false},"author":9,"featured_media":5870,"comment_status":"open","ping_status":"open","sticky":false,"template":"","format":"standard","meta":{"footnotes":""},"categories":[4,14],"tags":[],"_links":{"self":[{"href":"https:\/\/face.unt.edu.ar\/web\/iadmin\/wp-json\/wp\/v2\/posts\/5869"}],"collection":[{"href":"https:\/\/face.unt.edu.ar\/web\/iadmin\/wp-json\/wp\/v2\/posts"}],"about":[{"href":"https:\/\/face.unt.edu.ar\/web\/iadmin\/wp-json\/wp\/v2\/types\/post"}],"author":[{"embeddable":true,"href":"https:\/\/face.unt.edu.ar\/web\/iadmin\/wp-json\/wp\/v2\/users\/9"}],"replies":[{"embeddable":true,"href":"https:\/\/face.unt.edu.ar\/web\/iadmin\/wp-json\/wp\/v2\/comments?post=5869"}],"version-history":[{"count":2,"href":"https:\/\/face.unt.edu.ar\/web\/iadmin\/wp-json\/wp\/v2\/posts\/5869\/revisions"}],"predecessor-version":[{"id":5872,"href":"https:\/\/face.unt.edu.ar\/web\/iadmin\/wp-json\/wp\/v2\/posts\/5869\/revisions\/5872"}],"wp:featuredmedia":[{"embeddable":true,"href":"https:\/\/face.unt.edu.ar\/web\/iadmin\/wp-json\/wp\/v2\/media\/5870"}],"wp:attachment":[{"href":"https:\/\/face.unt.edu.ar\/web\/iadmin\/wp-json\/wp\/v2\/media?parent=5869"}],"wp:term":[{"taxonomy":"category","embeddable":true,"href":"https:\/\/face.unt.edu.ar\/web\/iadmin\/wp-json\/wp\/v2\/categories?post=5869"},{"taxonomy":"post_tag","embeddable":true,"href":"https:\/\/face.unt.edu.ar\/web\/iadmin\/wp-json\/wp\/v2\/tags?post=5869"}],"curies":[{"name":"wp","href":"https:\/\/api.w.org\/{rel}","templated":true}]}}