{"id":5900,"date":"2022-09-08T15:39:52","date_gmt":"2022-09-08T15:39:52","guid":{"rendered":"https:\/\/face.unt.edu.ar\/web\/iadmin\/?p=5900"},"modified":"2022-12-14T14:38:45","modified_gmt":"2022-12-14T14:38:45","slug":"xii-jornada-de-convivencia-de-la-licenciatura-en-administracion","status":"publish","type":"post","link":"https:\/\/face.unt.edu.ar\/web\/iadmin\/xii-jornada-de-convivencia-de-la-licenciatura-en-administracion\/","title":{"rendered":"XII JORNADA DE CONVIVENCIA DE LA LICENCIATURA EN ADMINISTRACI\u00d3N"},"content":{"rendered":"<p>El <strong>s\u00e1bado 10 de Septiembre<\/strong> te esperamos en <strong>nuestra Facultad<\/strong> para compartir la <strong>d\u00e9cimo segunda Jornada de Convivencia de la Licenciatura en Administraci\u00f3n<\/strong><\/p>\n<p>\ud83e\udde1El <strong>costo de la Jornada es de $1200 (incluye almuerzo y break)<\/strong><\/p>\n<p>\ud83e\udde1El<strong> plazo para inscribirse es hasta el d\u00eda mi\u00e9rcoles 08\/09<\/strong><\/p>\n<p>\ud83e\udde1\u00bfC\u00f3mo participar? : Primero tienes que realizar el pago de la jornada<br \/>\nLink de pago: https:\/\/asociacioncooperadoraface.mitiendanube.com\/productos\/xii-jornada-de-convivencia-de-la-licenciatura-en-administracion\/<\/p>\n<p>Y luego completar el formulario de inscripci\u00f3n<br \/>\nInscripciones : https:\/\/docs.google.com\/forms\/d\/10TpLEmN8AwAQtAtBiRflYyUp-2Qw15iIwkRoGehcb7Y\/edit?ts=630e94cb<\/p>\n<p>\ud83e\udde1Si tienes alguna dificultad para abonar la totalidad de la jornada, por favor no dudes en comunicarte con el profe Javier Garc\u00eda jagarcia@face.unt.edu.ar<\/p>\n<p>\ud83e\udde1Te sugerimos vestir ropa y zapatillas c\u00f3modas y elementos para prevenci\u00f3n de COVID. Tambi\u00e9n puedes traer tu mate y algo dulce o salado para compartir en la merienda<\/p>\n<p>Invitamos a estudiantes y docentes a sumarse<\/p>\n<p>\u00a1Te esperamos!\ud83e\udde1\ud83e\udde1\ud83e\udde1<\/p>\n","protected":false},"excerpt":{"rendered":"<p>El s\u00e1bado 10 de Septiembre te esperamos en nuestra Facultad para compartir la d\u00e9cimo segunda Jornada de Convivencia de la Licenciatura en Administraci\u00f3n \ud83e\udde1El costo de la Jornada es de $1200 (incluye almuerzo y break) \ud83e\udde1El plazo para inscribirse es hasta el d\u00eda mi\u00e9rcoles 08\/09 \ud83e\udde1\u00bfC\u00f3mo participar? : Primero tienes que realizar el pago de [&hellip;]<\/p>\n","protected":false},"author":9,"featured_media":5901,"comment_status":"open","ping_status":"open","sticky":true,"template":"","format":"standard","meta":{"footnotes":""},"categories":[4,14],"tags":[],"_links":{"self":[{"href":"https:\/\/face.unt.edu.ar\/web\/iadmin\/wp-json\/wp\/v2\/posts\/5900"}],"collection":[{"href":"https:\/\/face.unt.edu.ar\/web\/iadmin\/wp-json\/wp\/v2\/posts"}],"about":[{"href":"https:\/\/face.unt.edu.ar\/web\/iadmin\/wp-json\/wp\/v2\/types\/post"}],"author":[{"embeddable":true,"href":"https:\/\/face.unt.edu.ar\/web\/iadmin\/wp-json\/wp\/v2\/users\/9"}],"replies":[{"embeddable":true,"href":"https:\/\/face.unt.edu.ar\/web\/iadmin\/wp-json\/wp\/v2\/comments?post=5900"}],"version-history":[{"count":2,"href":"https:\/\/face.unt.edu.ar\/web\/iadmin\/wp-json\/wp\/v2\/posts\/5900\/revisions"}],"predecessor-version":[{"id":5903,"href":"https:\/\/face.unt.edu.ar\/web\/iadmin\/wp-json\/wp\/v2\/posts\/5900\/revisions\/5903"}],"wp:featuredmedia":[{"embeddable":true,"href":"https:\/\/face.unt.edu.ar\/web\/iadmin\/wp-json\/wp\/v2\/media\/5901"}],"wp:attachment":[{"href":"https:\/\/face.unt.edu.ar\/web\/iadmin\/wp-json\/wp\/v2\/media?parent=5900"}],"wp:term":[{"taxonomy":"category","embeddable":true,"href":"https:\/\/face.unt.edu.ar\/web\/iadmin\/wp-json\/wp\/v2\/categories?post=5900"},{"taxonomy":"post_tag","embeddable":true,"href":"https:\/\/face.unt.edu.ar\/web\/iadmin\/wp-json\/wp\/v2\/tags?post=5900"}],"curies":[{"name":"wp","href":"https:\/\/api.w.org\/{rel}","templated":true}]}}