{"id":5904,"date":"2022-09-05T13:01:57","date_gmt":"2022-09-05T13:01:57","guid":{"rendered":"https:\/\/face.unt.edu.ar\/web\/iadmin\/?p=5904"},"modified":"2022-12-14T14:39:27","modified_gmt":"2022-12-14T14:39:27","slug":"taller-de-autoconocimiento-y-pensamiento-critico","status":"publish","type":"post","link":"https:\/\/face.unt.edu.ar\/web\/iadmin\/taller-de-autoconocimiento-y-pensamiento-critico\/","title":{"rendered":"Taller de Autoconocimiento y Pensamiento Cr\u00edtico"},"content":{"rendered":"<p>En el marco de la asignatura PR\u00c1CTICA PROFESIONAL, invitamos a participar del Taller de Autoconocimiento y Pensamiento Cr\u00edtico, a cargo del Esp. Javier Garc\u00eda y de la Lic. Ingrid Ser\u00f3n<\/p>\n<p>El mismo se llevar\u00e1 a cabo este lunes 05\/09 y mi\u00e9rcoles 07\/09 de 18.30 a 20hs, en el aula 15<\/p>\n<p><img decoding=\"async\" class=\"an1 alignleft\" src=\"https:\/\/fonts.gstatic.com\/s\/e\/notoemoji\/14.0\/25b6\/32.png\" alt=\"\u25b6\" data-emoji=\"\u25b6\" aria-label=\"\u25b6\" \/>Actividad No Arancelada<\/p>\n<p><img decoding=\"async\" class=\"an1 alignleft\" src=\"https:\/\/fonts.gstatic.com\/s\/e\/notoemoji\/14.0\/25b6\/32.png\" alt=\"\u25b6\" data-emoji=\"\u25b6\" aria-label=\"\u25b6\" \/>Entrega de certificados<\/p>\n<p><img decoding=\"async\" class=\"an1 alignleft\" src=\"https:\/\/fonts.gstatic.com\/s\/e\/notoemoji\/14.0\/25b6\/32.png\" alt=\"\u25b6\" data-emoji=\"\u25b6\" aria-label=\"\u25b6\" \/>\u00a0Dirigida a todos los estudiantes de la Licenciatura en Administraci\u00f3n<\/p>\n<p><img decoding=\"async\" class=\"an1 alignleft\" src=\"https:\/\/fonts.gstatic.com\/s\/e\/notoemoji\/14.0\/1f517\/32.png\" alt=\"\ud83d\udd17\" data-emoji=\"\ud83d\udd17\" aria-label=\"\ud83d\udd17\" \/>Enlace para inscripci\u00f3n:<br \/>\n<a href=\"https:\/\/docs.google.com\/forms\/d\/1BP9GYoNOALEE4jn_3aK4J6fssxxudDhc96OXNtM4kbQ\/edit\" target=\"_blank\" rel=\"noopener\" data-saferedirecturl=\"https:\/\/www.google.com\/url?q=https:\/\/docs.google.com\/forms\/d\/1BP9GYoNOALEE4jn_3aK4J6fssxxudDhc96OXNtM4kbQ\/edit&amp;source=gmail&amp;ust=1662468041847000&amp;usg=AOvVaw2717LFd_Idk1vDqfUah0vf\">https:\/\/docs.google.com\/forms\/d\/1BP9GYoNOALEE4jn_3aK4J6fssxxudDhc96OXNtM4kbQ\/edit<\/a><\/p>\n<p>\u00a1Los esperamos!<\/p>\n<div class=\"yj6qo\"><\/div>\n<div class=\"adL\"><\/div>\n","protected":false},"excerpt":{"rendered":"<p>En el marco de la asignatura PR\u00c1CTICA PROFESIONAL, invitamos a participar del Taller de Autoconocimiento y Pensamiento Cr\u00edtico, a cargo del Esp. Javier Garc\u00eda y de la Lic. Ingrid Ser\u00f3n El mismo se llevar\u00e1 a cabo este lunes 05\/09 y mi\u00e9rcoles 07\/09 de 18.30 a 20hs, en el aula 15 Actividad No Arancelada Entrega de [&hellip;]<\/p>\n","protected":false},"author":9,"featured_media":5905,"comment_status":"open","ping_status":"open","sticky":false,"template":"","format":"standard","meta":{"footnotes":""},"categories":[4,14],"tags":[],"_links":{"self":[{"href":"https:\/\/face.unt.edu.ar\/web\/iadmin\/wp-json\/wp\/v2\/posts\/5904"}],"collection":[{"href":"https:\/\/face.unt.edu.ar\/web\/iadmin\/wp-json\/wp\/v2\/posts"}],"about":[{"href":"https:\/\/face.unt.edu.ar\/web\/iadmin\/wp-json\/wp\/v2\/types\/post"}],"author":[{"embeddable":true,"href":"https:\/\/face.unt.edu.ar\/web\/iadmin\/wp-json\/wp\/v2\/users\/9"}],"replies":[{"embeddable":true,"href":"https:\/\/face.unt.edu.ar\/web\/iadmin\/wp-json\/wp\/v2\/comments?post=5904"}],"version-history":[{"count":1,"href":"https:\/\/face.unt.edu.ar\/web\/iadmin\/wp-json\/wp\/v2\/posts\/5904\/revisions"}],"predecessor-version":[{"id":5906,"href":"https:\/\/face.unt.edu.ar\/web\/iadmin\/wp-json\/wp\/v2\/posts\/5904\/revisions\/5906"}],"wp:featuredmedia":[{"embeddable":true,"href":"https:\/\/face.unt.edu.ar\/web\/iadmin\/wp-json\/wp\/v2\/media\/5905"}],"wp:attachment":[{"href":"https:\/\/face.unt.edu.ar\/web\/iadmin\/wp-json\/wp\/v2\/media?parent=5904"}],"wp:term":[{"taxonomy":"category","embeddable":true,"href":"https:\/\/face.unt.edu.ar\/web\/iadmin\/wp-json\/wp\/v2\/categories?post=5904"},{"taxonomy":"post_tag","embeddable":true,"href":"https:\/\/face.unt.edu.ar\/web\/iadmin\/wp-json\/wp\/v2\/tags?post=5904"}],"curies":[{"name":"wp","href":"https:\/\/api.w.org\/{rel}","templated":true}]}}