{"id":5930,"date":"2022-09-16T11:55:14","date_gmt":"2022-09-16T11:55:14","guid":{"rendered":"https:\/\/face.unt.edu.ar\/web\/iadmin\/?p=5930"},"modified":"2022-12-15T11:41:51","modified_gmt":"2022-12-15T11:41:51","slug":"seminario-practica-profesional-economia-de-comunion-practicas-e-ideas-que-construyen-nuevos-paradigmas","status":"publish","type":"post","link":"https:\/\/face.unt.edu.ar\/web\/iadmin\/seminario-practica-profesional-economia-de-comunion-practicas-e-ideas-que-construyen-nuevos-paradigmas\/","title":{"rendered":"Seminario &#8211; Practica Profesional \u00abEconom\u00eda de Comuni\u00f3n. Pr\u00e1cticas e ideas que construyen nuevos paradigmas\u201d"},"content":{"rendered":"<p>En el marco de la asignatura PR\u00c1CTICA PROFESIONAL, invitamos a participar del Seminario: \u00abEconom\u00eda de Comuni\u00f3n. Pr\u00e1cticas e ideas que construyen nuevos paradigmas\u201d, a cargo del Mg. Patricio Cossio y del Ing. Agust\u00edn Demagistri de \u00c1VITA Desarrollos Inmobiliarios<\/p>\n<p>El mismo se llevar\u00e1 a cabo este lunes 19\/09 de 18.30 a 20hs, en el aula 15 y por la plataforma Zoom<\/p>\n<p>ID de reuni\u00f3n: 829 2294 2827<br \/>\nC\u00f3digo de acceso: pplea<\/p>\n<p><a href=\"https:\/\/us06web.zoom.us\/j\/82922942827?pwd=OGtSenRxSWJKQ0tGRm12WkFXR2VQUT09\" target=\"_blank\" rel=\"noopener\" data-saferedirecturl=\"https:\/\/www.google.com\/url?q=https:\/\/us06web.zoom.us\/j\/82922942827?pwd%3DOGtSenRxSWJKQ0tGRm12WkFXR2VQUT09&amp;source=gmail&amp;ust=1663412353407000&amp;usg=AOvVaw3FHn3bflLlnSIm7b_pAPUC\">https:\/\/us06web.zoom.us\/j\/82922942827?pwd=OGtSenRxSWJKQ0tGRm12WkFXR2VQUT09<\/a><\/p>\n<p>Invitamos a docentes, alumnos, y todas las personas interesadas a sumarse a este encuentro<\/p>\n<p>\u00a1Los esperamos!<\/p>\n","protected":false},"excerpt":{"rendered":"<p>En el marco de la asignatura PR\u00c1CTICA PROFESIONAL, invitamos a participar del Seminario: \u00abEconom\u00eda de Comuni\u00f3n. Pr\u00e1cticas e ideas que construyen nuevos paradigmas\u201d, a cargo del Mg. Patricio Cossio y del Ing. Agust\u00edn Demagistri de \u00c1VITA Desarrollos Inmobiliarios El mismo se llevar\u00e1 a cabo este lunes 19\/09 de 18.30 a 20hs, en el aula 15 [&hellip;]<\/p>\n","protected":false},"author":9,"featured_media":5931,"comment_status":"open","ping_status":"open","sticky":false,"template":"","format":"standard","meta":{"footnotes":""},"categories":[3,4,14],"tags":[],"_links":{"self":[{"href":"https:\/\/face.unt.edu.ar\/web\/iadmin\/wp-json\/wp\/v2\/posts\/5930"}],"collection":[{"href":"https:\/\/face.unt.edu.ar\/web\/iadmin\/wp-json\/wp\/v2\/posts"}],"about":[{"href":"https:\/\/face.unt.edu.ar\/web\/iadmin\/wp-json\/wp\/v2\/types\/post"}],"author":[{"embeddable":true,"href":"https:\/\/face.unt.edu.ar\/web\/iadmin\/wp-json\/wp\/v2\/users\/9"}],"replies":[{"embeddable":true,"href":"https:\/\/face.unt.edu.ar\/web\/iadmin\/wp-json\/wp\/v2\/comments?post=5930"}],"version-history":[{"count":1,"href":"https:\/\/face.unt.edu.ar\/web\/iadmin\/wp-json\/wp\/v2\/posts\/5930\/revisions"}],"predecessor-version":[{"id":5932,"href":"https:\/\/face.unt.edu.ar\/web\/iadmin\/wp-json\/wp\/v2\/posts\/5930\/revisions\/5932"}],"wp:featuredmedia":[{"embeddable":true,"href":"https:\/\/face.unt.edu.ar\/web\/iadmin\/wp-json\/wp\/v2\/media\/5931"}],"wp:attachment":[{"href":"https:\/\/face.unt.edu.ar\/web\/iadmin\/wp-json\/wp\/v2\/media?parent=5930"}],"wp:term":[{"taxonomy":"category","embeddable":true,"href":"https:\/\/face.unt.edu.ar\/web\/iadmin\/wp-json\/wp\/v2\/categories?post=5930"},{"taxonomy":"post_tag","embeddable":true,"href":"https:\/\/face.unt.edu.ar\/web\/iadmin\/wp-json\/wp\/v2\/tags?post=5930"}],"curies":[{"name":"wp","href":"https:\/\/api.w.org\/{rel}","templated":true}]}}