{"id":5940,"date":"2022-09-26T10:57:40","date_gmt":"2022-09-26T10:57:40","guid":{"rendered":"https:\/\/face.unt.edu.ar\/web\/iadmin\/?p=5940"},"modified":"2022-12-14T14:19:44","modified_gmt":"2022-12-14T14:19:44","slug":"5940-2","status":"publish","type":"post","link":"https:\/\/face.unt.edu.ar\/web\/iadmin\/5940-2\/","title":{"rendered":"Seminario \u00abEconom\u00eda de Comuni\u00f3n. Pr\u00e1cticas e ideas que construyen nuevos paradigmas\u201d"},"content":{"rendered":"<p>El d\u00eda lunes 19\/09 se llev\u00f3 a cabo el Seminario \u00abEconom\u00eda de Comuni\u00f3n. Pr\u00e1cticas e ideas que construyen nuevos paradigmas\u201d, a cargo del Mg. Patricio Cossio y del Ing. Agust\u00edn Demagistri de \u00c1VITA Desarrollos Inmobiliarios<\/p>\n<p>Organizado por la C\u00e1tedra Pr\u00e1ctica Profesional de la Licenciatura en Administraci\u00f3n<\/p>\n<p>Puedes disfrutar el encuentro completo en nuestro canal de YouTube<\/p>\n<p><iframe loading=\"lazy\" title=\"PP 13 Seminario &quot;Econom\u00eda de Comuni\u00f3n&quot;\" width=\"696\" height=\"392\" src=\"https:\/\/www.youtube.com\/embed\/Man0KbdDfOw?feature=oembed\" frameborder=\"0\" allow=\"accelerometer; autoplay; clipboard-write; encrypted-media; gyroscope; picture-in-picture\" allowfullscreen><\/iframe><\/p>\n<p><img decoding=\"async\" class=\"an1 alignleft\" src=\"https:\/\/fonts.gstatic.com\/s\/e\/notoemoji\/14.0\/1f449\/32.png\" alt=\"\ud83d\udc49\" data-emoji=\"\ud83d\udc49\" aria-label=\"\ud83d\udc49\" \/>\u00a0<a href=\"https:\/\/youtu.be\/Man0KbdDfOw\" target=\"_blank\" rel=\"noopener\" data-saferedirecturl=\"https:\/\/www.google.com\/url?q=https:\/\/youtu.be\/Man0KbdDfOw&amp;source=gmail&amp;ust=1664275468444000&amp;usg=AOvVaw04psg0g_cfR-QgdPUcHrQg\">https:\/\/youtu.be\/Man0KbdDfOw<\/a><\/p>\n<p>&nbsp;<\/p>\n<p><a href=\"https:\/\/face.unt.edu.ar\/web\/iadmin\/wp-content\/uploads\/sites\/2\/2022\/09\/Seminario-Economia-de-Comunion.-Practicas-e-ideas-que-construyen-nuevos-paradigmas-1.jpg\"><img decoding=\"async\" loading=\"lazy\" class=\"size-medium wp-image-5943 alignleft\" src=\"https:\/\/face.unt.edu.ar\/web\/iadmin\/wp-content\/uploads\/sites\/2\/2022\/09\/Seminario-Economia-de-Comunion.-Practicas-e-ideas-que-construyen-nuevos-paradigmas-1-300x169.jpg\" alt=\"\" width=\"300\" height=\"169\" srcset=\"https:\/\/face.unt.edu.ar\/web\/iadmin\/wp-content\/uploads\/sites\/2\/2022\/09\/Seminario-Economia-de-Comunion.-Practicas-e-ideas-que-construyen-nuevos-paradigmas-1-300x169.jpg 300w, https:\/\/face.unt.edu.ar\/web\/iadmin\/wp-content\/uploads\/sites\/2\/2022\/09\/Seminario-Economia-de-Comunion.-Practicas-e-ideas-que-construyen-nuevos-paradigmas-1-1024x576.jpg 1024w, https:\/\/face.unt.edu.ar\/web\/iadmin\/wp-content\/uploads\/sites\/2\/2022\/09\/Seminario-Economia-de-Comunion.-Practicas-e-ideas-que-construyen-nuevos-paradigmas-1-768x432.jpg 768w, https:\/\/face.unt.edu.ar\/web\/iadmin\/wp-content\/uploads\/sites\/2\/2022\/09\/Seminario-Economia-de-Comunion.-Practicas-e-ideas-que-construyen-nuevos-paradigmas-1-1536x864.jpg 1536w, https:\/\/face.unt.edu.ar\/web\/iadmin\/wp-content\/uploads\/sites\/2\/2022\/09\/Seminario-Economia-de-Comunion.-Practicas-e-ideas-que-construyen-nuevos-paradigmas-1.jpg 1920w\" sizes=\"(max-width: 300px) 100vw, 300px\" \/><\/a> <a href=\"https:\/\/face.unt.edu.ar\/web\/iadmin\/wp-content\/uploads\/sites\/2\/2022\/09\/Seminario-Economia-de-Comunion.-Practicas-e-ideas-que-construyen-nuevos-paradigmas.jpg\"><img decoding=\"async\" loading=\"lazy\" class=\"size-medium wp-image-5944 alignright\" src=\"https:\/\/face.unt.edu.ar\/web\/iadmin\/wp-content\/uploads\/sites\/2\/2022\/09\/Seminario-Economia-de-Comunion.-Practicas-e-ideas-que-construyen-nuevos-paradigmas-300x169.jpg\" alt=\"\" width=\"300\" height=\"169\" srcset=\"https:\/\/face.unt.edu.ar\/web\/iadmin\/wp-content\/uploads\/sites\/2\/2022\/09\/Seminario-Economia-de-Comunion.-Practicas-e-ideas-que-construyen-nuevos-paradigmas-300x169.jpg 300w, https:\/\/face.unt.edu.ar\/web\/iadmin\/wp-content\/uploads\/sites\/2\/2022\/09\/Seminario-Economia-de-Comunion.-Practicas-e-ideas-que-construyen-nuevos-paradigmas-1024x576.jpg 1024w, https:\/\/face.unt.edu.ar\/web\/iadmin\/wp-content\/uploads\/sites\/2\/2022\/09\/Seminario-Economia-de-Comunion.-Practicas-e-ideas-que-construyen-nuevos-paradigmas-768x432.jpg 768w, https:\/\/face.unt.edu.ar\/web\/iadmin\/wp-content\/uploads\/sites\/2\/2022\/09\/Seminario-Economia-de-Comunion.-Practicas-e-ideas-que-construyen-nuevos-paradigmas-1536x864.jpg 1536w, https:\/\/face.unt.edu.ar\/web\/iadmin\/wp-content\/uploads\/sites\/2\/2022\/09\/Seminario-Economia-de-Comunion.-Practicas-e-ideas-que-construyen-nuevos-paradigmas.jpg 1920w\" sizes=\"(max-width: 300px) 100vw, 300px\" \/><\/a><\/p>\n<p>&nbsp;<\/p>\n<p>&nbsp;<\/p>\n<p>&nbsp;<\/p>\n<p><a href=\"https:\/\/face.unt.edu.ar\/web\/iadmin\/wp-content\/uploads\/sites\/2\/2022\/09\/Seminario-Economia-de-Comunion.-Practicas-e-ideas-que-construyen-nuevos-paradigmas-2.jpg\"><img decoding=\"async\" loading=\"lazy\" class=\"aligncenter size-medium wp-image-5945\" src=\"https:\/\/face.unt.edu.ar\/web\/iadmin\/wp-content\/uploads\/sites\/2\/2022\/09\/Seminario-Economia-de-Comunion.-Practicas-e-ideas-que-construyen-nuevos-paradigmas-2-300x169.jpg\" alt=\"\" width=\"300\" height=\"169\" srcset=\"https:\/\/face.unt.edu.ar\/web\/iadmin\/wp-content\/uploads\/sites\/2\/2022\/09\/Seminario-Economia-de-Comunion.-Practicas-e-ideas-que-construyen-nuevos-paradigmas-2-300x169.jpg 300w, https:\/\/face.unt.edu.ar\/web\/iadmin\/wp-content\/uploads\/sites\/2\/2022\/09\/Seminario-Economia-de-Comunion.-Practicas-e-ideas-que-construyen-nuevos-paradigmas-2-1024x576.jpg 1024w, https:\/\/face.unt.edu.ar\/web\/iadmin\/wp-content\/uploads\/sites\/2\/2022\/09\/Seminario-Economia-de-Comunion.-Practicas-e-ideas-que-construyen-nuevos-paradigmas-2-768x432.jpg 768w, https:\/\/face.unt.edu.ar\/web\/iadmin\/wp-content\/uploads\/sites\/2\/2022\/09\/Seminario-Economia-de-Comunion.-Practicas-e-ideas-que-construyen-nuevos-paradigmas-2-1536x864.jpg 1536w, https:\/\/face.unt.edu.ar\/web\/iadmin\/wp-content\/uploads\/sites\/2\/2022\/09\/Seminario-Economia-de-Comunion.-Practicas-e-ideas-que-construyen-nuevos-paradigmas-2.jpg 1920w\" sizes=\"(max-width: 300px) 100vw, 300px\" \/><\/a><\/p>\n","protected":false},"excerpt":{"rendered":"<p>El d\u00eda lunes 19\/09 se llev\u00f3 a cabo el Seminario \u00abEconom\u00eda de Comuni\u00f3n. Pr\u00e1cticas e ideas que construyen nuevos paradigmas\u201d, a cargo del Mg. Patricio Cossio y del Ing. Agust\u00edn Demagistri de \u00c1VITA Desarrollos Inmobiliarios Organizado por la C\u00e1tedra Pr\u00e1ctica Profesional de la Licenciatura en Administraci\u00f3n Puedes disfrutar el encuentro completo en nuestro canal de [&hellip;]<\/p>\n","protected":false},"author":9,"featured_media":0,"comment_status":"open","ping_status":"open","sticky":false,"template":"","format":"standard","meta":{"footnotes":""},"categories":[4,14],"tags":[],"_links":{"self":[{"href":"https:\/\/face.unt.edu.ar\/web\/iadmin\/wp-json\/wp\/v2\/posts\/5940"}],"collection":[{"href":"https:\/\/face.unt.edu.ar\/web\/iadmin\/wp-json\/wp\/v2\/posts"}],"about":[{"href":"https:\/\/face.unt.edu.ar\/web\/iadmin\/wp-json\/wp\/v2\/types\/post"}],"author":[{"embeddable":true,"href":"https:\/\/face.unt.edu.ar\/web\/iadmin\/wp-json\/wp\/v2\/users\/9"}],"replies":[{"embeddable":true,"href":"https:\/\/face.unt.edu.ar\/web\/iadmin\/wp-json\/wp\/v2\/comments?post=5940"}],"version-history":[{"count":3,"href":"https:\/\/face.unt.edu.ar\/web\/iadmin\/wp-json\/wp\/v2\/posts\/5940\/revisions"}],"predecessor-version":[{"id":5946,"href":"https:\/\/face.unt.edu.ar\/web\/iadmin\/wp-json\/wp\/v2\/posts\/5940\/revisions\/5946"}],"wp:attachment":[{"href":"https:\/\/face.unt.edu.ar\/web\/iadmin\/wp-json\/wp\/v2\/media?parent=5940"}],"wp:term":[{"taxonomy":"category","embeddable":true,"href":"https:\/\/face.unt.edu.ar\/web\/iadmin\/wp-json\/wp\/v2\/categories?post=5940"},{"taxonomy":"post_tag","embeddable":true,"href":"https:\/\/face.unt.edu.ar\/web\/iadmin\/wp-json\/wp\/v2\/tags?post=5940"}],"curies":[{"name":"wp","href":"https:\/\/api.w.org\/{rel}","templated":true}]}}