{"id":5963,"date":"2022-09-28T11:38:58","date_gmt":"2022-09-28T11:38:58","guid":{"rendered":"https:\/\/face.unt.edu.ar\/web\/iadmin\/?p=5963"},"modified":"2022-12-14T14:15:32","modified_gmt":"2022-12-14T14:15:32","slug":"conferencia-proteccion-de-datos-personales","status":"publish","type":"post","link":"https:\/\/face.unt.edu.ar\/web\/iadmin\/conferencia-proteccion-de-datos-personales\/","title":{"rendered":"Conferencia \u201cProtecci\u00f3n de Datos Personales\u201d"},"content":{"rendered":"<div>\n<div dir=\"auto\">En el marco de la asignatura SEGURIDAD Y CONTROL EN SISTEMAS INFORM\u00c1TICOS de la Licenciatura en Administraci\u00f3n, invitamos a participar de la conferencia \u201cProtecci\u00f3n de Datos Personales\u201d, a cargo de Esteban Santamarina<\/div>\n<\/div>\n<div>\n<div dir=\"auto\"><\/div>\n<div dir=\"auto\">Recopilar informaci\u00f3n sobre personas f\u00edsicas o jur\u00eddicas con la finalidad de dar informes, implica el cumplimiento de la Ley 25.326, la cual aborda entre otros aspectos, el tratamiento que debe darse a los datos personales, registro de las bases de datos, debido cuidado, obligaciones de los responsables y sanciones en caso de incumplimiento. La misma, actualmente se encuentra en proceso de reformulaci\u00f3n con el objetivo de dar respuesta a los nuevos desaf\u00edos que imponen las transformaciones tecnol\u00f3gicas y el desarrollo de la econom\u00eda digital.<\/div>\n<\/div>\n<div>\n<div dir=\"auto\">En general \u00bfLas organizaciones est\u00e1n cumpliendo con la obligaci\u00f3n de proteger los datos personales recopilados de sus empleados, clientes y proveedores? \u00bfA qui\u00e9nes aplican las sanciones? \u00bfCu\u00e1les son los mecanismos que permiten resguardar nuestros derechos al respecto?<\/div>\n<\/div>\n<div>\n<div dir=\"auto\">La misma se llevar\u00e1 a cabo este lunes 03 de octubre, de 18:30 a 20:00 hs por plataforma Google Meet<\/div>\n<div dir=\"auto\"><\/div>\n<\/div>\n<div>\n<div dir=\"auto\">Inscripci\u00f3n para participar en <img decoding=\"async\" loading=\"lazy\" class=\"CToWUd alignleft\" src=\"https:\/\/ci4.googleusercontent.com\/proxy\/-OmAeYBCFweGRmD9iucM8mz28pDWGp9Z3OyGqNrKZudmUPUwmV5-Gfv39ALGi_GRJ-_QDX4vHuFDCHT8QHnV7cNdNokynKtmmK88J6ToF5WPHhUC_g=s0-d-e1-ft#https:\/\/static.xx.fbcdn.net\/images\/emoji.php\/v9\/t51\/1\/16\/1f449.png\" alt=\"\ud83d\udc49\" width=\"16\" height=\"16\" data-bit=\"iit\" \/> <a role=\"link\" href=\"https:\/\/l.facebook.com\/l.php?u=https%3A%2F%2Fbit.ly%2FSyC_SI%3Ffbclid%3DIwAR2nwGRhMBKsDVXe7svZMTbuS_LXFberDCY85QRFjqApke0RYiZNkYA1Oq4&amp;h=AT1m5Z6HFOjw2L3c16_TQZA5nA5ym4oLszrpDxPqJX404gjdGSxFx4YiyMn8vw3aXeLK8hKF0dkZgfPkB3XeAnoyZyf6fxdjg6P867mWgK_JaCnW69yq6Umuw8u0SClop6QN&amp;__tn__=-UK-R&amp;c[0]=AT1AMr4iAQqwLS3AB8dUCXyljmuto5RL5-23upZXlIrNFxlqmUvoFQ15SLF2wglmcmzqi-QcqjUTfRWdLG7dOkKnC08Nv8yZiFXP8WoSZA0v-XRqnJu61XWORl4jKPKvzCytK5S_JIZYaXd2MlEEYDAa_P9-8CWU2GKPuAV-6M0LMwgrEJBl3xAhkB_V6_QnIMDtN8Nil7nr-w\" target=\"_blank\" rel=\"nofollow noopener\" data-saferedirecturl=\"https:\/\/www.google.com\/url?q=https:\/\/l.facebook.com\/l.php?u%3Dhttps%253A%252F%252Fbit.ly%252FSyC_SI%253Ffbclid%253DIwAR2nwGRhMBKsDVXe7svZMTbuS_LXFberDCY85QRFjqApke0RYiZNkYA1Oq4%26h%3DAT1m5Z6HFOjw2L3c16_TQZA5nA5ym4oLszrpDxPqJX404gjdGSxFx4YiyMn8vw3aXeLK8hKF0dkZgfPkB3XeAnoyZyf6fxdjg6P867mWgK_JaCnW69yq6Umuw8u0SClop6QN%26__tn__%3D-UK-R%26c%5B0%5D%3DAT1AMr4iAQqwLS3AB8dUCXyljmuto5RL5-23upZXlIrNFxlqmUvoFQ15SLF2wglmcmzqi-QcqjUTfRWdLG7dOkKnC08Nv8yZiFXP8WoSZA0v-XRqnJu61XWORl4jKPKvzCytK5S_JIZYaXd2MlEEYDAa_P9-8CWU2GKPuAV-6M0LMwgrEJBl3xAhkB_V6_QnIMDtN8Nil7nr-w&amp;source=gmail&amp;ust=1664450618010000&amp;usg=AOvVaw3kS_w1BqGQQWqjnRyG8n0Q\">http:\/\/bit.ly\/SyC_SI<\/a><\/div>\n<\/div>\n<div>\n<div dir=\"auto\"><\/div>\n<div dir=\"auto\">Los esperamos<\/div>\n<\/div>\n","protected":false},"excerpt":{"rendered":"<p>En el marco de la asignatura SEGURIDAD Y CONTROL EN SISTEMAS INFORM\u00c1TICOS de la Licenciatura en Administraci\u00f3n, invitamos a participar de la conferencia \u201cProtecci\u00f3n de Datos Personales\u201d, a cargo de Esteban Santamarina Recopilar informaci\u00f3n sobre personas f\u00edsicas o jur\u00eddicas con la finalidad de dar informes, implica el cumplimiento de la Ley 25.326, la cual aborda [&hellip;]<\/p>\n","protected":false},"author":9,"featured_media":5964,"comment_status":"open","ping_status":"open","sticky":false,"template":"","format":"standard","meta":{"footnotes":""},"categories":[4,14],"tags":[],"_links":{"self":[{"href":"https:\/\/face.unt.edu.ar\/web\/iadmin\/wp-json\/wp\/v2\/posts\/5963"}],"collection":[{"href":"https:\/\/face.unt.edu.ar\/web\/iadmin\/wp-json\/wp\/v2\/posts"}],"about":[{"href":"https:\/\/face.unt.edu.ar\/web\/iadmin\/wp-json\/wp\/v2\/types\/post"}],"author":[{"embeddable":true,"href":"https:\/\/face.unt.edu.ar\/web\/iadmin\/wp-json\/wp\/v2\/users\/9"}],"replies":[{"embeddable":true,"href":"https:\/\/face.unt.edu.ar\/web\/iadmin\/wp-json\/wp\/v2\/comments?post=5963"}],"version-history":[{"count":1,"href":"https:\/\/face.unt.edu.ar\/web\/iadmin\/wp-json\/wp\/v2\/posts\/5963\/revisions"}],"predecessor-version":[{"id":5965,"href":"https:\/\/face.unt.edu.ar\/web\/iadmin\/wp-json\/wp\/v2\/posts\/5963\/revisions\/5965"}],"wp:featuredmedia":[{"embeddable":true,"href":"https:\/\/face.unt.edu.ar\/web\/iadmin\/wp-json\/wp\/v2\/media\/5964"}],"wp:attachment":[{"href":"https:\/\/face.unt.edu.ar\/web\/iadmin\/wp-json\/wp\/v2\/media?parent=5963"}],"wp:term":[{"taxonomy":"category","embeddable":true,"href":"https:\/\/face.unt.edu.ar\/web\/iadmin\/wp-json\/wp\/v2\/categories?post=5963"},{"taxonomy":"post_tag","embeddable":true,"href":"https:\/\/face.unt.edu.ar\/web\/iadmin\/wp-json\/wp\/v2\/tags?post=5963"}],"curies":[{"name":"wp","href":"https:\/\/api.w.org\/{rel}","templated":true}]}}