{"id":5972,"date":"2022-10-07T11:25:28","date_gmt":"2022-10-07T11:25:28","guid":{"rendered":"https:\/\/face.unt.edu.ar\/web\/iadmin\/?p=5972"},"modified":"2022-12-14T14:11:24","modified_gmt":"2022-12-14T14:11:24","slug":"conferencia-la-labor-de-consultoria-oportunidades-de-negocios","status":"publish","type":"post","link":"https:\/\/face.unt.edu.ar\/web\/iadmin\/conferencia-la-labor-de-consultoria-oportunidades-de-negocios\/","title":{"rendered":"Conferencia: La labor de consultor\u00eda: Oportunidades de negocios"},"content":{"rendered":"<p>En el marco de la asignatura PR\u00c1CTICA PROFESIONAL, invitamos a participar de la conferencia: \u00abLa labor de consultor\u00eda: Oportunidades de negocios\u201d, a cargo del Mg. V\u00edctor Mart\u00ednez<\/p>\n<p>La misma se llevar\u00e1 a cabo este mi\u00e9rcoles 12\/10 de 18.30 a 20hs, en el aula 15 y por la plataforma Zoom<\/p>\n<p>ID de reuni\u00f3n: 829 2294 2827<br \/>\nC\u00f3digo de acceso: pplea<\/p>\n<p><a href=\"https:\/\/us06web.zoom.us\/j\/82922942827?pwd=OGtSenRxSWJKQ0tGRm12WkFXR2VQUT09\" target=\"_blank\" rel=\"noopener\" data-saferedirecturl=\"https:\/\/www.google.com\/url?q=https:\/\/us06web.zoom.us\/j\/82922942827?pwd%3DOGtSenRxSWJKQ0tGRm12WkFXR2VQUT09&amp;source=gmail&amp;ust=1665227563363000&amp;usg=AOvVaw1upUD2CsZ8bzGif5PHc8u6\">https:\/\/us06web.zoom.us\/j\/82922942827?pwd=OGtSenRxSWJKQ0tGRm12WkFXR2VQUT09<\/a><\/p>\n<p>Invitamos a docentes, alumnos, y todas las personas interesadas a sumarse a este encuentro<\/p>\n<p>\u00a1Los esperamos!\u00a0<img decoding=\"async\" class=\"an1\" src=\"https:\/\/fonts.gstatic.com\/s\/e\/notoemoji\/14.0\/1f64c_1f3fc\/32.png\" alt=\"\ud83d\ude4c\ud83c\udffc\" data-emoji=\"\ud83d\ude4c\ud83c\udffc\" aria-label=\"\ud83d\ude4c\ud83c\udffc\" \/><\/p>\n<div class=\"yj6qo\"><\/div>\n<div class=\"adL\"><\/div>\n","protected":false},"excerpt":{"rendered":"<p>En el marco de la asignatura PR\u00c1CTICA PROFESIONAL, invitamos a participar de la conferencia: \u00abLa labor de consultor\u00eda: Oportunidades de negocios\u201d, a cargo del Mg. V\u00edctor Mart\u00ednez La misma se llevar\u00e1 a cabo este mi\u00e9rcoles 12\/10 de 18.30 a 20hs, en el aula 15 y por la plataforma Zoom ID de reuni\u00f3n: 829 2294 2827 [&hellip;]<\/p>\n","protected":false},"author":9,"featured_media":5973,"comment_status":"open","ping_status":"open","sticky":false,"template":"","format":"standard","meta":{"footnotes":""},"categories":[4,14],"tags":[],"_links":{"self":[{"href":"https:\/\/face.unt.edu.ar\/web\/iadmin\/wp-json\/wp\/v2\/posts\/5972"}],"collection":[{"href":"https:\/\/face.unt.edu.ar\/web\/iadmin\/wp-json\/wp\/v2\/posts"}],"about":[{"href":"https:\/\/face.unt.edu.ar\/web\/iadmin\/wp-json\/wp\/v2\/types\/post"}],"author":[{"embeddable":true,"href":"https:\/\/face.unt.edu.ar\/web\/iadmin\/wp-json\/wp\/v2\/users\/9"}],"replies":[{"embeddable":true,"href":"https:\/\/face.unt.edu.ar\/web\/iadmin\/wp-json\/wp\/v2\/comments?post=5972"}],"version-history":[{"count":1,"href":"https:\/\/face.unt.edu.ar\/web\/iadmin\/wp-json\/wp\/v2\/posts\/5972\/revisions"}],"predecessor-version":[{"id":5974,"href":"https:\/\/face.unt.edu.ar\/web\/iadmin\/wp-json\/wp\/v2\/posts\/5972\/revisions\/5974"}],"wp:featuredmedia":[{"embeddable":true,"href":"https:\/\/face.unt.edu.ar\/web\/iadmin\/wp-json\/wp\/v2\/media\/5973"}],"wp:attachment":[{"href":"https:\/\/face.unt.edu.ar\/web\/iadmin\/wp-json\/wp\/v2\/media?parent=5972"}],"wp:term":[{"taxonomy":"category","embeddable":true,"href":"https:\/\/face.unt.edu.ar\/web\/iadmin\/wp-json\/wp\/v2\/categories?post=5972"},{"taxonomy":"post_tag","embeddable":true,"href":"https:\/\/face.unt.edu.ar\/web\/iadmin\/wp-json\/wp\/v2\/tags?post=5972"}],"curies":[{"name":"wp","href":"https:\/\/api.w.org\/{rel}","templated":true}]}}