{"id":6058,"date":"2022-10-26T14:16:54","date_gmt":"2022-10-26T14:16:54","guid":{"rendered":"https:\/\/face.unt.edu.ar\/web\/iadmin\/?p=6058"},"modified":"2022-12-14T13:50:21","modified_gmt":"2022-12-14T13:50:21","slug":"conferencia-controles-generales-de-ti-en-el-marco-de-una-auditoria-de-estados-financieros","status":"publish","type":"post","link":"https:\/\/face.unt.edu.ar\/web\/iadmin\/conferencia-controles-generales-de-ti-en-el-marco-de-una-auditoria-de-estados-financieros\/","title":{"rendered":"Conferencia: Controles Generales de TI en el marco de una auditor\u00eda de estados financieros\u00bb"},"content":{"rendered":"<p>En el marco de la asignatura SEGURIDAD Y CONTROL EN SISTEMAS INFORM\u00c1TICOS, invitamos a participar de la \u00faltima Conferencia: Controles Generales de TI en el marco de una auditor\u00eda de estados financieros\u00bb, a cargo del Mg. Jorge Gallardo<\/p>\n<p>La misma se llevar\u00e1 a cabo este lunes 31\/10 de 18.30 a 20hs, por plataforma Google Meet<\/p>\n<p>Inscripci\u00f3n para participar en\u00a0<img decoding=\"async\" class=\"an1 alignleft\" src=\"https:\/\/fonts.gstatic.com\/s\/e\/notoemoji\/14.0\/1f449\/32.png\" alt=\"\ud83d\udc49\" data-emoji=\"\ud83d\udc49\" aria-label=\"\ud83d\udc49\" \/>\u00a0<a href=\"http:\/\/bit.ly\/SyC_SI\" target=\"_blank\" rel=\"noopener\" data-saferedirecturl=\"https:\/\/www.google.com\/url?q=http:\/\/bit.ly\/SyC_SI&amp;source=gmail&amp;ust=1666879426652000&amp;usg=AOvVaw2MrVdD72YSV-QdGbkvCIRZ\">http:\/\/bit.ly\/SyC_SI<\/a><\/p>\n<p>Invitamos a docentes, alumnos, y todas las personas interesadas a sumarse a este encuentro<\/p>\n<p>\u00a1Los esperamos!\u00a0<img decoding=\"async\" class=\"an1 alignleft\" src=\"https:\/\/fonts.gstatic.com\/s\/e\/notoemoji\/14.0\/1f60a\/32.png\" alt=\"\ud83d\ude0a\" data-emoji=\"\ud83d\ude0a\" aria-label=\"\ud83d\ude0a\" \/><\/p>\n","protected":false},"excerpt":{"rendered":"<p>En el marco de la asignatura SEGURIDAD Y CONTROL EN SISTEMAS INFORM\u00c1TICOS, invitamos a participar de la \u00faltima Conferencia: Controles Generales de TI en el marco de una auditor\u00eda de estados financieros\u00bb, a cargo del Mg. Jorge Gallardo La misma se llevar\u00e1 a cabo este lunes 31\/10 de 18.30 a 20hs, por plataforma Google Meet [&hellip;]<\/p>\n","protected":false},"author":9,"featured_media":6060,"comment_status":"open","ping_status":"open","sticky":false,"template":"","format":"standard","meta":{"footnotes":""},"categories":[4,14],"tags":[],"_links":{"self":[{"href":"https:\/\/face.unt.edu.ar\/web\/iadmin\/wp-json\/wp\/v2\/posts\/6058"}],"collection":[{"href":"https:\/\/face.unt.edu.ar\/web\/iadmin\/wp-json\/wp\/v2\/posts"}],"about":[{"href":"https:\/\/face.unt.edu.ar\/web\/iadmin\/wp-json\/wp\/v2\/types\/post"}],"author":[{"embeddable":true,"href":"https:\/\/face.unt.edu.ar\/web\/iadmin\/wp-json\/wp\/v2\/users\/9"}],"replies":[{"embeddable":true,"href":"https:\/\/face.unt.edu.ar\/web\/iadmin\/wp-json\/wp\/v2\/comments?post=6058"}],"version-history":[{"count":1,"href":"https:\/\/face.unt.edu.ar\/web\/iadmin\/wp-json\/wp\/v2\/posts\/6058\/revisions"}],"predecessor-version":[{"id":6059,"href":"https:\/\/face.unt.edu.ar\/web\/iadmin\/wp-json\/wp\/v2\/posts\/6058\/revisions\/6059"}],"wp:featuredmedia":[{"embeddable":true,"href":"https:\/\/face.unt.edu.ar\/web\/iadmin\/wp-json\/wp\/v2\/media\/6060"}],"wp:attachment":[{"href":"https:\/\/face.unt.edu.ar\/web\/iadmin\/wp-json\/wp\/v2\/media?parent=6058"}],"wp:term":[{"taxonomy":"category","embeddable":true,"href":"https:\/\/face.unt.edu.ar\/web\/iadmin\/wp-json\/wp\/v2\/categories?post=6058"},{"taxonomy":"post_tag","embeddable":true,"href":"https:\/\/face.unt.edu.ar\/web\/iadmin\/wp-json\/wp\/v2\/tags?post=6058"}],"curies":[{"name":"wp","href":"https:\/\/api.w.org\/{rel}","templated":true}]}}