{"id":6188,"date":"2022-12-15T13:37:06","date_gmt":"2022-12-15T13:37:06","guid":{"rendered":"https:\/\/face.unt.edu.ar\/web\/iadmin\/?p=6188"},"modified":"2022-12-15T13:44:43","modified_gmt":"2022-12-15T13:44:43","slug":"mesa-de-examen-practica-profesional-licenciatura-en-administracion","status":"publish","type":"post","link":"https:\/\/face.unt.edu.ar\/web\/iadmin\/mesa-de-examen-practica-profesional-licenciatura-en-administracion\/","title":{"rendered":"\u2022MESA DE EXAMEN PR\u00c1CTICA PROFESIONAL LICENCIATURA EN ADMINISTRACI\u00d3N\u2022"},"content":{"rendered":"<p><img decoding=\"async\" class=\"an1 CToWUd alignleft\" src=\"https:\/\/fonts.gstatic.com\/s\/e\/notoemoji\/15.0\/1f393\/32.png\" alt=\"\ud83c\udf93\" data-emoji=\"\ud83c\udf93\" aria-label=\"\ud83c\udf93\" data-bit=\"iit\" \/>\u00a0Este viernes 16\/12 se llevar\u00e1 a cabo la defensa de los trabajos realizados en el marco de la Pr\u00e1ctica Profesional de la Licenciatura en Administraci\u00f3n.<\/p>\n<p><img decoding=\"async\" class=\"an1 CToWUd alignleft\" src=\"https:\/\/fonts.gstatic.com\/s\/e\/notoemoji\/15.0\/1f4cc\/32.png\" alt=\"\ud83d\udccc\" data-emoji=\"\ud83d\udccc\" aria-label=\"\ud83d\udccc\" data-bit=\"iit\" \/>LUGARES F\u00cdSICOS ASIGNADOS<br \/>\n\u2022 Mesa 1 &#8211; MM: Aula 12<br \/>\n\u2022 Mesa 2 &#8211; IS: Aula 13<br \/>\n\u2022 Mesa 3 &#8211; JR: Aula 14<\/p>\n<div class=\"yj6qo\"><a href=\"https:\/\/face.unt.edu.ar\/web\/iadmin\/wp-content\/uploads\/sites\/2\/2022\/12\/2-2.jpeg\"><img decoding=\"async\" loading=\"lazy\" class=\"size-medium wp-image-6195 alignleft\" src=\"https:\/\/face.unt.edu.ar\/web\/iadmin\/wp-content\/uploads\/sites\/2\/2022\/12\/2-2-300x300.jpeg\" alt=\"\" width=\"300\" height=\"300\" srcset=\"https:\/\/face.unt.edu.ar\/web\/iadmin\/wp-content\/uploads\/sites\/2\/2022\/12\/2-2-300x300.jpeg 300w, https:\/\/face.unt.edu.ar\/web\/iadmin\/wp-content\/uploads\/sites\/2\/2022\/12\/2-2-1024x1024.jpeg 1024w, https:\/\/face.unt.edu.ar\/web\/iadmin\/wp-content\/uploads\/sites\/2\/2022\/12\/2-2-150x150.jpeg 150w, https:\/\/face.unt.edu.ar\/web\/iadmin\/wp-content\/uploads\/sites\/2\/2022\/12\/2-2-768x768.jpeg 768w, https:\/\/face.unt.edu.ar\/web\/iadmin\/wp-content\/uploads\/sites\/2\/2022\/12\/2-2.jpeg 1080w\" sizes=\"(max-width: 300px) 100vw, 300px\" \/><\/a><\/div>\n<div><a href=\"https:\/\/face.unt.edu.ar\/web\/iadmin\/wp-content\/uploads\/sites\/2\/2022\/12\/3-2.jpeg\"><img decoding=\"async\" loading=\"lazy\" class=\"size-medium wp-image-6194 alignright\" src=\"https:\/\/face.unt.edu.ar\/web\/iadmin\/wp-content\/uploads\/sites\/2\/2022\/12\/3-2-300x300.jpeg\" alt=\"\" width=\"300\" height=\"300\" srcset=\"https:\/\/face.unt.edu.ar\/web\/iadmin\/wp-content\/uploads\/sites\/2\/2022\/12\/3-2-300x300.jpeg 300w, https:\/\/face.unt.edu.ar\/web\/iadmin\/wp-content\/uploads\/sites\/2\/2022\/12\/3-2-1024x1024.jpeg 1024w, https:\/\/face.unt.edu.ar\/web\/iadmin\/wp-content\/uploads\/sites\/2\/2022\/12\/3-2-150x150.jpeg 150w, https:\/\/face.unt.edu.ar\/web\/iadmin\/wp-content\/uploads\/sites\/2\/2022\/12\/3-2-768x768.jpeg 768w, https:\/\/face.unt.edu.ar\/web\/iadmin\/wp-content\/uploads\/sites\/2\/2022\/12\/3-2.jpeg 1080w\" sizes=\"(max-width: 300px) 100vw, 300px\" \/><\/a><\/div>\n<div><\/div>\n<div><\/div>\n<div><\/div>\n<div><\/div>\n<div><\/div>\n<div><\/div>\n<div><\/div>\n<div><\/div>\n<div><\/div>\n<div><\/div>\n<div><\/div>\n<div><\/div>\n<div><a href=\"https:\/\/face.unt.edu.ar\/web\/iadmin\/wp-content\/uploads\/sites\/2\/2022\/12\/4-1.jpeg\"><img decoding=\"async\" loading=\"lazy\" class=\"aligncenter size-medium wp-image-6193\" src=\"https:\/\/face.unt.edu.ar\/web\/iadmin\/wp-content\/uploads\/sites\/2\/2022\/12\/4-1-300x300.jpeg\" alt=\"\" width=\"300\" height=\"300\" srcset=\"https:\/\/face.unt.edu.ar\/web\/iadmin\/wp-content\/uploads\/sites\/2\/2022\/12\/4-1-300x300.jpeg 300w, https:\/\/face.unt.edu.ar\/web\/iadmin\/wp-content\/uploads\/sites\/2\/2022\/12\/4-1-1024x1024.jpeg 1024w, https:\/\/face.unt.edu.ar\/web\/iadmin\/wp-content\/uploads\/sites\/2\/2022\/12\/4-1-150x150.jpeg 150w, https:\/\/face.unt.edu.ar\/web\/iadmin\/wp-content\/uploads\/sites\/2\/2022\/12\/4-1-768x768.jpeg 768w, https:\/\/face.unt.edu.ar\/web\/iadmin\/wp-content\/uploads\/sites\/2\/2022\/12\/4-1.jpeg 1080w\" sizes=\"(max-width: 300px) 100vw, 300px\" \/><\/a><\/div>\n<div><\/div>\n<div><a href=\"https:\/\/face.unt.edu.ar\/web\/iadmin\/wp-content\/uploads\/sites\/2\/2022\/12\/Cronograma-Mesa-MM-Practica-Profesional.pdf\">Cronograma Mesa MM Practica Profesional<\/a><\/div>\n<div><\/div>\n<div><a href=\"https:\/\/face.unt.edu.ar\/web\/iadmin\/wp-content\/uploads\/sites\/2\/2022\/12\/Cronograma-Mesa-IS-Practica-Profesional.pdf\">Cronograma Mesa IS Practica Profesional<\/a><\/div>\n<div><\/div>\n<div><a href=\"https:\/\/face.unt.edu.ar\/web\/iadmin\/wp-content\/uploads\/sites\/2\/2022\/12\/Cronograma-Mesa-JR-Practica-Profesional.pdf\">Cronograma Mesa JR Practica Profesional<\/a><\/div>\n","protected":false},"excerpt":{"rendered":"<p>\u00a0Este viernes 16\/12 se llevar\u00e1 a cabo la defensa de los trabajos realizados en el marco de la Pr\u00e1ctica Profesional de la Licenciatura en Administraci\u00f3n. LUGARES F\u00cdSICOS ASIGNADOS \u2022 Mesa 1 &#8211; MM: Aula 12 \u2022 Mesa 2 &#8211; IS: Aula 13 \u2022 Mesa 3 &#8211; JR: Aula 14 Cronograma Mesa MM Practica Profesional Cronograma [&hellip;]<\/p>\n","protected":false},"author":9,"featured_media":6196,"comment_status":"open","ping_status":"open","sticky":false,"template":"","format":"standard","meta":{"footnotes":""},"categories":[4,14],"tags":[],"_links":{"self":[{"href":"https:\/\/face.unt.edu.ar\/web\/iadmin\/wp-json\/wp\/v2\/posts\/6188"}],"collection":[{"href":"https:\/\/face.unt.edu.ar\/web\/iadmin\/wp-json\/wp\/v2\/posts"}],"about":[{"href":"https:\/\/face.unt.edu.ar\/web\/iadmin\/wp-json\/wp\/v2\/types\/post"}],"author":[{"embeddable":true,"href":"https:\/\/face.unt.edu.ar\/web\/iadmin\/wp-json\/wp\/v2\/users\/9"}],"replies":[{"embeddable":true,"href":"https:\/\/face.unt.edu.ar\/web\/iadmin\/wp-json\/wp\/v2\/comments?post=6188"}],"version-history":[{"count":3,"href":"https:\/\/face.unt.edu.ar\/web\/iadmin\/wp-json\/wp\/v2\/posts\/6188\/revisions"}],"predecessor-version":[{"id":6198,"href":"https:\/\/face.unt.edu.ar\/web\/iadmin\/wp-json\/wp\/v2\/posts\/6188\/revisions\/6198"}],"wp:featuredmedia":[{"embeddable":true,"href":"https:\/\/face.unt.edu.ar\/web\/iadmin\/wp-json\/wp\/v2\/media\/6196"}],"wp:attachment":[{"href":"https:\/\/face.unt.edu.ar\/web\/iadmin\/wp-json\/wp\/v2\/media?parent=6188"}],"wp:term":[{"taxonomy":"category","embeddable":true,"href":"https:\/\/face.unt.edu.ar\/web\/iadmin\/wp-json\/wp\/v2\/categories?post=6188"},{"taxonomy":"post_tag","embeddable":true,"href":"https:\/\/face.unt.edu.ar\/web\/iadmin\/wp-json\/wp\/v2\/tags?post=6188"}],"curies":[{"name":"wp","href":"https:\/\/api.w.org\/{rel}","templated":true}]}}