{"id":6234,"date":"2023-02-22T15:31:53","date_gmt":"2023-02-22T15:31:53","guid":{"rendered":"https:\/\/face.unt.edu.ar\/web\/iadmin\/?p=6234"},"modified":"2023-02-22T15:36:17","modified_gmt":"2023-02-22T15:36:17","slug":"proximo-congreso-nacional-adenag","status":"publish","type":"post","link":"https:\/\/face.unt.edu.ar\/web\/iadmin\/proximo-congreso-nacional-adenag\/","title":{"rendered":"37 CONGRESO NACIONAL DE LA ASOCIACI\u00d3N DE DOCENTES NACIONALES DE ADMINISTRACI\u00d3N GENERAL (ADENAG)"},"content":{"rendered":"<p>Se encuentra abierta la convocatoria para participar en el 37 CONGRESO NACIONAL DE LA ASOCIACI\u00d3N DE DOCENTES NACIONALES DE ADMINISTRACI\u00d3N GENERAL (ADENAG). En esta oportunidad se realizar\u00e1 en la ciudad de Mar de Aj\u00f3 los pr\u00f3ximos 26 y 27 de mayo, organizado por la Universidad Nacional de Luj\u00e1n y la Universidad Atl\u00e1ntida Argentina.<br \/>\nLos trabajos deber\u00e1n enviarse \u00fanicamente por correo electr\u00f3nico hasta el 14 de abril de 2023<\/p>\n<p>Adjuntamos en Pdf las <a href=\"https:\/\/face.unt.edu.ar\/web\/iadmin\/wp-content\/uploads\/sites\/2\/2023\/02\/Primera-Circular-ADENAG-2023.pdf\">Bases y condiciones para participar<\/a><\/p>\n","protected":false},"excerpt":{"rendered":"<p>Se encuentra abierta la convocatoria para participar en el 37 CONGRESO NACIONAL DE LA ASOCIACI\u00d3N DE DOCENTES NACIONALES DE ADMINISTRACI\u00d3N GENERAL (ADENAG). En esta oportunidad se realizar\u00e1 en la ciudad de Mar de Aj\u00f3 los pr\u00f3ximos 26 y 27 de mayo, organizado por la Universidad Nacional de Luj\u00e1n y la Universidad Atl\u00e1ntida Argentina. Los trabajos [&hellip;]<\/p>\n","protected":false},"author":9,"featured_media":6238,"comment_status":"open","ping_status":"open","sticky":false,"template":"","format":"standard","meta":{"footnotes":""},"categories":[4,14],"tags":[],"_links":{"self":[{"href":"https:\/\/face.unt.edu.ar\/web\/iadmin\/wp-json\/wp\/v2\/posts\/6234"}],"collection":[{"href":"https:\/\/face.unt.edu.ar\/web\/iadmin\/wp-json\/wp\/v2\/posts"}],"about":[{"href":"https:\/\/face.unt.edu.ar\/web\/iadmin\/wp-json\/wp\/v2\/types\/post"}],"author":[{"embeddable":true,"href":"https:\/\/face.unt.edu.ar\/web\/iadmin\/wp-json\/wp\/v2\/users\/9"}],"replies":[{"embeddable":true,"href":"https:\/\/face.unt.edu.ar\/web\/iadmin\/wp-json\/wp\/v2\/comments?post=6234"}],"version-history":[{"count":4,"href":"https:\/\/face.unt.edu.ar\/web\/iadmin\/wp-json\/wp\/v2\/posts\/6234\/revisions"}],"predecessor-version":[{"id":6240,"href":"https:\/\/face.unt.edu.ar\/web\/iadmin\/wp-json\/wp\/v2\/posts\/6234\/revisions\/6240"}],"wp:featuredmedia":[{"embeddable":true,"href":"https:\/\/face.unt.edu.ar\/web\/iadmin\/wp-json\/wp\/v2\/media\/6238"}],"wp:attachment":[{"href":"https:\/\/face.unt.edu.ar\/web\/iadmin\/wp-json\/wp\/v2\/media?parent=6234"}],"wp:term":[{"taxonomy":"category","embeddable":true,"href":"https:\/\/face.unt.edu.ar\/web\/iadmin\/wp-json\/wp\/v2\/categories?post=6234"},{"taxonomy":"post_tag","embeddable":true,"href":"https:\/\/face.unt.edu.ar\/web\/iadmin\/wp-json\/wp\/v2\/tags?post=6234"}],"curies":[{"name":"wp","href":"https:\/\/api.w.org\/{rel}","templated":true}]}}