{"id":6245,"date":"2023-03-02T11:18:38","date_gmt":"2023-03-02T11:18:38","guid":{"rendered":"https:\/\/face.unt.edu.ar\/web\/iadmin\/?p=6245"},"modified":"2023-08-22T15:36:47","modified_gmt":"2023-08-22T15:36:47","slug":"charla-informativa-de-practica-profesional-de-la-licenciatura-en-administracion","status":"publish","type":"post","link":"https:\/\/face.unt.edu.ar\/web\/iadmin\/charla-informativa-de-practica-profesional-de-la-licenciatura-en-administracion\/","title":{"rendered":"Charla informativa de la Pr\u00e1ctica Profesional de la Licenciatura en Administraci\u00f3n"},"content":{"rendered":"<p>Este lunes 06 de marzo a las 20 hs por la plataforma Zoom se llevara a cabo la charla informativa de la Practica Profesional de la Licenciatura en Administraci\u00f3n<\/p>\n<p>ID de reuni\u00f3n: 829 2294 28287<br \/>\nC\u00f3digo de acceso: pplea<\/p>\n<p><a href=\"https:\/\/us06web.zoom.us\/j\/82922942827?pwd=OGtSenRxSWJKQ0tGRm12WkFXR2VQUT09\" target=\"_blank\" rel=\"noopener\" data-saferedirecturl=\"https:\/\/www.google.com\/url?q=https:\/\/us06web.zoom.us\/j\/82922942827?pwd%3DOGtSenRxSWJKQ0tGRm12WkFXR2VQUT09&amp;source=gmail&amp;ust=1677842096387000&amp;usg=AOvVaw1eJAXmxd8wBbA7u6HRQHS2\">https:\/\/us06web.zoom.us\/j\/82922942827?pwd=OGtSenRxSWJKQ0tGRm12WkFXR2VQUT09<\/a><\/p>\n<p>Los esperamos\u00a0<img decoding=\"async\" class=\"an1 alignleft\" src=\"https:\/\/fonts.gstatic.com\/s\/e\/notoemoji\/15.0\/1f60a\/32.png\" alt=\"\ud83d\ude0a\" data-emoji=\"\ud83d\ude0a\" aria-label=\"\ud83d\ude0a\" \/><\/p>\n","protected":false},"excerpt":{"rendered":"<p>Este lunes 06 de marzo a las 20 hs por la plataforma Zoom se llevara a cabo la charla informativa de la Practica Profesional de la Licenciatura en Administraci\u00f3n ID de reuni\u00f3n: 829 2294 28287 C\u00f3digo de acceso: pplea https:\/\/us06web.zoom.us\/j\/82922942827?pwd=OGtSenRxSWJKQ0tGRm12WkFXR2VQUT09 Los esperamos\u00a0<\/p>\n","protected":false},"author":9,"featured_media":6247,"comment_status":"open","ping_status":"open","sticky":false,"template":"","format":"standard","meta":{"footnotes":""},"categories":[4,14],"tags":[],"_links":{"self":[{"href":"https:\/\/face.unt.edu.ar\/web\/iadmin\/wp-json\/wp\/v2\/posts\/6245"}],"collection":[{"href":"https:\/\/face.unt.edu.ar\/web\/iadmin\/wp-json\/wp\/v2\/posts"}],"about":[{"href":"https:\/\/face.unt.edu.ar\/web\/iadmin\/wp-json\/wp\/v2\/types\/post"}],"author":[{"embeddable":true,"href":"https:\/\/face.unt.edu.ar\/web\/iadmin\/wp-json\/wp\/v2\/users\/9"}],"replies":[{"embeddable":true,"href":"https:\/\/face.unt.edu.ar\/web\/iadmin\/wp-json\/wp\/v2\/comments?post=6245"}],"version-history":[{"count":2,"href":"https:\/\/face.unt.edu.ar\/web\/iadmin\/wp-json\/wp\/v2\/posts\/6245\/revisions"}],"predecessor-version":[{"id":6248,"href":"https:\/\/face.unt.edu.ar\/web\/iadmin\/wp-json\/wp\/v2\/posts\/6245\/revisions\/6248"}],"wp:featuredmedia":[{"embeddable":true,"href":"https:\/\/face.unt.edu.ar\/web\/iadmin\/wp-json\/wp\/v2\/media\/6247"}],"wp:attachment":[{"href":"https:\/\/face.unt.edu.ar\/web\/iadmin\/wp-json\/wp\/v2\/media?parent=6245"}],"wp:term":[{"taxonomy":"category","embeddable":true,"href":"https:\/\/face.unt.edu.ar\/web\/iadmin\/wp-json\/wp\/v2\/categories?post=6245"},{"taxonomy":"post_tag","embeddable":true,"href":"https:\/\/face.unt.edu.ar\/web\/iadmin\/wp-json\/wp\/v2\/tags?post=6245"}],"curies":[{"name":"wp","href":"https:\/\/api.w.org\/{rel}","templated":true}]}}