{"id":6287,"date":"2023-03-23T12:28:23","date_gmt":"2023-03-23T12:28:23","guid":{"rendered":"https:\/\/face.unt.edu.ar\/web\/iadmin\/?p=6287"},"modified":"2023-08-22T15:33:38","modified_gmt":"2023-08-22T15:33:38","slug":"acta-eleccion-del-consejo-consultivo-2023-instituto-de-administracion-face-unt","status":"publish","type":"post","link":"https:\/\/face.unt.edu.ar\/web\/iadmin\/acta-eleccion-del-consejo-consultivo-2023-instituto-de-administracion-face-unt\/","title":{"rendered":"ACTA ELECCI\u00d3N DEL CONSEJO CONSULTIVO 2023  INSTITUTO DE ADMINISTRACION &#8211; FACE-UNT"},"content":{"rendered":"<p>En la ciudad de San Miguel de Tucum\u00e1n, el d\u00eda 21 de Marzo de 2023, siendo las 18:30 hs., se re\u00fane el claustro perteneciente a las C\u00e1tedras que integran el Instituto de Administraci\u00f3n de la Facultad de Ciencias Econ\u00f3micas de la UNT, en el Aula 1 de Posgrado de la misma, convocados por Resoluci\u00f3n N\u00ba 010-D-23 del 24\/02\/2023 de esta Facultad, a los efectos de realizar las elecciones para constituir el consejo Consultivo y la posterior elecci\u00f3n de su Director todo de conformidad a lo que indican los correspondientes art\u00edculos del Reglamento de Institutos.<\/p>\n<p>Siendo las 19:00 hs. conforme indica el Art. 10 del mencionado reglamento, se conforma y consigna el listado de candidatos propuestos por ambos estamentos, Profesores Titulares, Asociados y Adjuntos y Jefes de Trabajos Pr\u00e1cticos, cuyos nombres y apellidos se consignan en el pizarr\u00f3n.<\/p>\n<p>De acuerdo al Art. 8\u00ba del Reglamento de Institutos de esta Facultad y a los efectos de elegir los miembros que constituir\u00e1n el Consejo Consultivo, se proceder\u00e1 a la elecci\u00f3n de 3 (tres) representantes por el estamento de Profesores (Titulares, Asociados &#8211; Adjuntos) y de 2 (dos) representantes por el estamento de los Auxiliares Regulares de la Docencia (Jefes de Trabajos Pr\u00e1cticos y Auxiliares de la Docencia Graduados).<\/p>\n<ol>\n<li>Elecci\u00f3n seg\u00fan el Art. 10\u00ba, por la categor\u00eda Profesores, Titulares, Asociados y Adjuntos: se encuentran presentes 11 de 16 integrantes del estamento. Se procede a la elecci\u00f3n, donde cada uno de los presentes consigna de pu\u00f1o y letra, entre 1 (uno) y 3 (tres) nombres de los candidatos propuestos. De los cuales se acuerda elegir por simple mayor\u00eda, 3 representantes titulares y 2 suplentes. El resultado de la elecci\u00f3n es el siguiente:<\/li>\n<\/ol>\n<table>\n<tbody>\n<tr>\n<td width=\"196\">Profesor<\/td>\n<td width=\"142\">Cantidad de Votos<\/td>\n<\/tr>\n<tr>\n<td width=\"196\">Masclef, Maria Alejandra<\/td>\n<td width=\"142\">10 (diez)<\/td>\n<\/tr>\n<tr>\n<td width=\"196\">Ortiz, Maria de las Mercedes<\/td>\n<td width=\"142\">10 (diez)<\/td>\n<\/tr>\n<tr>\n<td width=\"196\">Ferreyra, Teresa Carolina<\/td>\n<td width=\"142\">5 (cinco)<\/td>\n<\/tr>\n<tr>\n<td width=\"196\">Martos, Mar\u00eda Enriqueta<\/td>\n<td width=\"142\">4 (cuatro)<\/td>\n<\/tr>\n<\/tbody>\n<\/table>\n<p>&nbsp;<\/p>\n<p>De lo expuesto, el Consejo Consultivo del Instituto de Administraci\u00f3n, se constituye con los siguientes docentes por el estamento de Profesores Titulares, Asociados y Adjuntos:<\/p>\n<p><strong>Miembros Titulares:<\/strong> Masclef, Mar\u00eda Alejandra; Ortiz, Mar\u00eda de las Mercedes y Ferreyra, Teresa Carolina.<\/p>\n<p><strong>Miembro suplente:<\/strong> Martos, Maria Enriqueta.<\/p>\n<ol>\n<li>Elecci\u00f3n seg\u00fan el Art. 10\u00ba, por la categor\u00eda Jefes de Trabajos Pr\u00e1cticos: se encuentran presentes 18 de 33 integrantes del estamento. Se procede a la elecci\u00f3n donde cada uno de los presentes consigna de pu\u00f1o y letra, entre 1 (uno) y 2 (dos) nombres de los candidatos propuestos. De los cuales se acuerda elegir por simple mayor\u00eda 2 representantes titulares y 2 suplentes. El resultado de la elecci\u00f3n es el siguiente:<\/li>\n<\/ol>\n<table>\n<tbody>\n<tr>\n<td width=\"215\">Profesor<\/td>\n<td width=\"142\">Cantidad de Votos<\/td>\n<\/tr>\n<tr>\n<td width=\"215\">Garc\u00eda, Marcelo Adri\u00e1n<\/td>\n<td width=\"142\">14 (catorce)<\/td>\n<\/tr>\n<tr>\n<td width=\"215\">Garc\u00eda, Javier Antonio<\/td>\n<td width=\"142\">12 (doce)<\/td>\n<\/tr>\n<tr>\n<td width=\"215\">Villaverde, Florencia<\/td>\n<td width=\"142\">5 (cinco)<\/td>\n<\/tr>\n<tr>\n<td width=\"215\">Castellano, Vanessa<\/td>\n<td width=\"142\">3 (tres)<\/td>\n<\/tr>\n<\/tbody>\n<\/table>\n<p>&nbsp;<\/p>\n<p>De lo expuesto, el Consejo Consultivo del Instituto de Administraci\u00f3n, se constituye con los siguientes docentes por el estamento de Jefes de Trabajos Pr\u00e1cticos:<\/p>\n<p><strong>Miembros Titulares:<\/strong> Garc\u00eda, Marcelo Adri\u00e1n y Garc\u00eda, Javier Antonio.<\/p>\n<p><strong>Miembros suplentes:<\/strong> Villaverde, Florencia y Castellano, Vanessa<\/p>\n<p>Siendo las 20:00 hs se da por finalizado este acto, firmando para constancia, dos profesores presentes en el acto y el Director actual de este Instituto, Prof. Marcelo Medina Galv\u00e1n, presente en este acto, el cual ha sido conducido por el mismo.<\/p>\n<p>Acto seguido los Consejeros titulares electos acuerdan reunirse para la elecci\u00f3n del Director conforme indica el reglamento de Institutos de la Facultad.<\/p>\n<p>Prof. Marcelo Medina Galv\u00e1n<br \/>\nDirector<br \/>\nInstituto de Administraci\u00f3n<\/p>\n","protected":false},"excerpt":{"rendered":"<p>En la ciudad de San Miguel de Tucum\u00e1n, el d\u00eda 21 de Marzo de 2023, siendo las 18:30 hs., se re\u00fane el claustro perteneciente a las C\u00e1tedras que integran el Instituto de Administraci\u00f3n de la Facultad de Ciencias Econ\u00f3micas de la UNT, en el Aula 1 de Posgrado de la misma, convocados por Resoluci\u00f3n N\u00ba [&hellip;]<\/p>\n","protected":false},"author":9,"featured_media":0,"comment_status":"open","ping_status":"open","sticky":false,"template":"","format":"standard","meta":{"footnotes":""},"categories":[4,14],"tags":[],"_links":{"self":[{"href":"https:\/\/face.unt.edu.ar\/web\/iadmin\/wp-json\/wp\/v2\/posts\/6287"}],"collection":[{"href":"https:\/\/face.unt.edu.ar\/web\/iadmin\/wp-json\/wp\/v2\/posts"}],"about":[{"href":"https:\/\/face.unt.edu.ar\/web\/iadmin\/wp-json\/wp\/v2\/types\/post"}],"author":[{"embeddable":true,"href":"https:\/\/face.unt.edu.ar\/web\/iadmin\/wp-json\/wp\/v2\/users\/9"}],"replies":[{"embeddable":true,"href":"https:\/\/face.unt.edu.ar\/web\/iadmin\/wp-json\/wp\/v2\/comments?post=6287"}],"version-history":[{"count":3,"href":"https:\/\/face.unt.edu.ar\/web\/iadmin\/wp-json\/wp\/v2\/posts\/6287\/revisions"}],"predecessor-version":[{"id":6290,"href":"https:\/\/face.unt.edu.ar\/web\/iadmin\/wp-json\/wp\/v2\/posts\/6287\/revisions\/6290"}],"wp:attachment":[{"href":"https:\/\/face.unt.edu.ar\/web\/iadmin\/wp-json\/wp\/v2\/media?parent=6287"}],"wp:term":[{"taxonomy":"category","embeddable":true,"href":"https:\/\/face.unt.edu.ar\/web\/iadmin\/wp-json\/wp\/v2\/categories?post=6287"},{"taxonomy":"post_tag","embeddable":true,"href":"https:\/\/face.unt.edu.ar\/web\/iadmin\/wp-json\/wp\/v2\/tags?post=6287"}],"curies":[{"name":"wp","href":"https:\/\/api.w.org\/{rel}","templated":true}]}}