{"id":6292,"date":"2023-03-29T12:58:10","date_gmt":"2023-03-29T12:58:10","guid":{"rendered":"https:\/\/face.unt.edu.ar\/web\/iadmin\/?p=6292"},"modified":"2023-03-29T12:58:10","modified_gmt":"2023-03-29T12:58:10","slug":"seminario-de-economia-ambiental-practica-profesional-de-la-licenciatura","status":"publish","type":"post","link":"https:\/\/face.unt.edu.ar\/web\/iadmin\/seminario-de-economia-ambiental-practica-profesional-de-la-licenciatura\/","title":{"rendered":"Seminario de Econom\u00eda Ambiental &#8211; PR\u00c1CTICA PROFESIONAL de la LICENCIATURA"},"content":{"rendered":"<p>En el marco de la asignatura PR\u00c1CTICA PROFESIONAL de la LICENCIATURA EN ADMINISTRACI\u00d3N, invitamos a participar del Seminario de Econom\u00eda Ambiental, a cargo de la Mg. Mariana Delgado Cordom\u00ed<\/p>\n<p>La misma se llevar\u00e1 a cabo este lunes 03 de abril de 20.00 a 21.30 horas en el aula 15 y por la plataforma Zoom<\/p>\n<p>ID de reuni\u00f3n: 829 2294 2827<br \/>\nC\u00f3digo de acceso: pplea<\/p>\n<p><a href=\"https:\/\/us06web.zoom.us\/j\/82922942827?pwd=OGtSenRxSWJKQ0tGRm12WkFXR2VQUT09\" target=\"_blank\" rel=\"noopener\" data-saferedirecturl=\"https:\/\/www.google.com\/url?q=https:\/\/us06web.zoom.us\/j\/82922942827?pwd%3DOGtSenRxSWJKQ0tGRm12WkFXR2VQUT09&amp;source=gmail&amp;ust=1680176885685000&amp;usg=AOvVaw3YMvMKKkKSffbPRJicGlTH\">https:\/\/us06web.zoom.us\/j\/82922942827?pwd=OGtSenRxSWJKQ0tGRm12WkFXR2VQUT09<\/a><\/p>\n<p>Invitamos a docentes, alumnos, y todas las personas interesadas a sumarse a este encuentro<\/p>\n<p>\u00a1Los esperamos!\u00a0<img decoding=\"async\" class=\"an1 alignleft\" src=\"https:\/\/fonts.gstatic.com\/s\/e\/notoemoji\/15.0\/1f64c_1f3fc\/32.png\" alt=\"\ud83d\ude4c\ud83c\udffc\" data-emoji=\"\ud83d\ude4c\ud83c\udffc\" aria-label=\"\ud83d\ude4c\ud83c\udffc\" \/><\/p>\n","protected":false},"excerpt":{"rendered":"<p>En el marco de la asignatura PR\u00c1CTICA PROFESIONAL de la LICENCIATURA EN ADMINISTRACI\u00d3N, invitamos a participar del Seminario de Econom\u00eda Ambiental, a cargo de la Mg. Mariana Delgado Cordom\u00ed La misma se llevar\u00e1 a cabo este lunes 03 de abril de 20.00 a 21.30 horas en el aula 15 y por la plataforma Zoom ID [&hellip;]<\/p>\n","protected":false},"author":9,"featured_media":6293,"comment_status":"open","ping_status":"open","sticky":false,"template":"","format":"standard","meta":{"footnotes":""},"categories":[4,14],"tags":[],"_links":{"self":[{"href":"https:\/\/face.unt.edu.ar\/web\/iadmin\/wp-json\/wp\/v2\/posts\/6292"}],"collection":[{"href":"https:\/\/face.unt.edu.ar\/web\/iadmin\/wp-json\/wp\/v2\/posts"}],"about":[{"href":"https:\/\/face.unt.edu.ar\/web\/iadmin\/wp-json\/wp\/v2\/types\/post"}],"author":[{"embeddable":true,"href":"https:\/\/face.unt.edu.ar\/web\/iadmin\/wp-json\/wp\/v2\/users\/9"}],"replies":[{"embeddable":true,"href":"https:\/\/face.unt.edu.ar\/web\/iadmin\/wp-json\/wp\/v2\/comments?post=6292"}],"version-history":[{"count":1,"href":"https:\/\/face.unt.edu.ar\/web\/iadmin\/wp-json\/wp\/v2\/posts\/6292\/revisions"}],"predecessor-version":[{"id":6294,"href":"https:\/\/face.unt.edu.ar\/web\/iadmin\/wp-json\/wp\/v2\/posts\/6292\/revisions\/6294"}],"wp:featuredmedia":[{"embeddable":true,"href":"https:\/\/face.unt.edu.ar\/web\/iadmin\/wp-json\/wp\/v2\/media\/6293"}],"wp:attachment":[{"href":"https:\/\/face.unt.edu.ar\/web\/iadmin\/wp-json\/wp\/v2\/media?parent=6292"}],"wp:term":[{"taxonomy":"category","embeddable":true,"href":"https:\/\/face.unt.edu.ar\/web\/iadmin\/wp-json\/wp\/v2\/categories?post=6292"},{"taxonomy":"post_tag","embeddable":true,"href":"https:\/\/face.unt.edu.ar\/web\/iadmin\/wp-json\/wp\/v2\/tags?post=6292"}],"curies":[{"name":"wp","href":"https:\/\/api.w.org\/{rel}","templated":true}]}}