{"id":6295,"date":"2023-03-31T12:07:38","date_gmt":"2023-03-31T12:07:38","guid":{"rendered":"https:\/\/face.unt.edu.ar\/web\/iadmin\/?p=6295"},"modified":"2023-03-31T12:07:38","modified_gmt":"2023-03-31T12:07:38","slug":"defensa-de-tesis-de-magister-en-psicologia-educacional-javier-antonio-garcia","status":"publish","type":"post","link":"https:\/\/face.unt.edu.ar\/web\/iadmin\/defensa-de-tesis-de-magister-en-psicologia-educacional-javier-antonio-garcia\/","title":{"rendered":"Defensa de Tesis de Mag\u00edster en Psicolog\u00eda Educacional &#8211; Javier Antonio Garc\u00eda"},"content":{"rendered":"<p>El Instituto de Administraci\u00f3n de la Facultad de Ciencias Econ\u00f3micas, tiene el agrado de comunicar la defensa oral y p\u00fablica de la Tesis de Mag\u00edster en Psicolog\u00eda Educacional del profesor Javier Garc\u00eda, titulada \u201cDesarrollo de habilidades directivas en estudiantes universitarios de carreras de grado en administraci\u00f3n\u00bb. La direcci\u00f3n estuvo a cargo de la Mag. Silvia Elena Teresita Usandivaras de Hlawaczek y se llev\u00f3 a cabo en la Facultad de Psicolog\u00eda \u2013 UNT el pasado lunes 27 de marzo del corriente a\u00f1o<\/p>\n<p>Direcci\u00f3n y Consejo Consultivo<br \/>\nInstituto de Administraci\u00f3n<img decoding=\"async\" class=\"an1 alignleft\" src=\"https:\/\/fonts.gstatic.com\/s\/e\/notoemoji\/15.0\/1f9e1\/32.png\" alt=\"\ud83e\udde1\" data-emoji=\"\ud83e\udde1\" aria-label=\"\ud83e\udde1\" \/><img decoding=\"async\" class=\"an1 alignleft\" src=\"https:\/\/fonts.gstatic.com\/s\/e\/notoemoji\/15.0\/1f499\/32.png\" alt=\"\ud83d\udc99\" data-emoji=\"\ud83d\udc99\" aria-label=\"\ud83d\udc99\" \/><\/p>\n","protected":false},"excerpt":{"rendered":"<p>El Instituto de Administraci\u00f3n de la Facultad de Ciencias Econ\u00f3micas, tiene el agrado de comunicar la defensa oral y p\u00fablica de la Tesis de Mag\u00edster en Psicolog\u00eda Educacional del profesor Javier Garc\u00eda, titulada \u201cDesarrollo de habilidades directivas en estudiantes universitarios de carreras de grado en administraci\u00f3n\u00bb. La direcci\u00f3n estuvo a cargo de la Mag. Silvia [&hellip;]<\/p>\n","protected":false},"author":9,"featured_media":6296,"comment_status":"open","ping_status":"open","sticky":false,"template":"","format":"standard","meta":{"footnotes":""},"categories":[4,14],"tags":[],"_links":{"self":[{"href":"https:\/\/face.unt.edu.ar\/web\/iadmin\/wp-json\/wp\/v2\/posts\/6295"}],"collection":[{"href":"https:\/\/face.unt.edu.ar\/web\/iadmin\/wp-json\/wp\/v2\/posts"}],"about":[{"href":"https:\/\/face.unt.edu.ar\/web\/iadmin\/wp-json\/wp\/v2\/types\/post"}],"author":[{"embeddable":true,"href":"https:\/\/face.unt.edu.ar\/web\/iadmin\/wp-json\/wp\/v2\/users\/9"}],"replies":[{"embeddable":true,"href":"https:\/\/face.unt.edu.ar\/web\/iadmin\/wp-json\/wp\/v2\/comments?post=6295"}],"version-history":[{"count":1,"href":"https:\/\/face.unt.edu.ar\/web\/iadmin\/wp-json\/wp\/v2\/posts\/6295\/revisions"}],"predecessor-version":[{"id":6297,"href":"https:\/\/face.unt.edu.ar\/web\/iadmin\/wp-json\/wp\/v2\/posts\/6295\/revisions\/6297"}],"wp:featuredmedia":[{"embeddable":true,"href":"https:\/\/face.unt.edu.ar\/web\/iadmin\/wp-json\/wp\/v2\/media\/6296"}],"wp:attachment":[{"href":"https:\/\/face.unt.edu.ar\/web\/iadmin\/wp-json\/wp\/v2\/media?parent=6295"}],"wp:term":[{"taxonomy":"category","embeddable":true,"href":"https:\/\/face.unt.edu.ar\/web\/iadmin\/wp-json\/wp\/v2\/categories?post=6295"},{"taxonomy":"post_tag","embeddable":true,"href":"https:\/\/face.unt.edu.ar\/web\/iadmin\/wp-json\/wp\/v2\/tags?post=6295"}],"curies":[{"name":"wp","href":"https:\/\/api.w.org\/{rel}","templated":true}]}}