{"id":6304,"date":"2023-04-03T15:58:56","date_gmt":"2023-04-03T15:58:56","guid":{"rendered":"https:\/\/face.unt.edu.ar\/web\/iadmin\/?p=6304"},"modified":"2023-04-14T15:49:05","modified_gmt":"2023-04-14T15:49:05","slug":"seminario-economia-con-perspectiva-de-genero-practica-profesional-de-la-licenciatura-en-administracion","status":"publish","type":"post","link":"https:\/\/face.unt.edu.ar\/web\/iadmin\/seminario-economia-con-perspectiva-de-genero-practica-profesional-de-la-licenciatura-en-administracion\/","title":{"rendered":"Seminario \u201cEconom\u00eda con perspectiva de g\u00e9nero\u201d &#8211; PR\u00c1CTICA PROFESIONAL de la LICENCIATURA EN ADMINISTRACI\u00d3N"},"content":{"rendered":"<p>En el marco de la asignatura PR\u00c1CTICA PROFESIONAL de la LICENCIATURA EN ADMINISTRACI\u00d3N, invitamos a participar del Seminario \u201cEconom\u00eda con perspectiva de g\u00e9nero\u201d , a cargo de la Lic. Florencia Correa Deza<\/p>\n<p>El mismo se llevar\u00e1 a cabo este mi\u00e9rcoles 05 de abril de 20.00 a 21.30 horas en el aula 15 y por la plataforma Zoom<\/p>\n<p>ID de reuni\u00f3n: 829 2294 2827<br \/>\nC\u00f3digo de acceso: pplea<\/p>\n<p><a href=\"https:\/\/us06web.zoom.us\/j\/82922942827?pwd=OGtSenRxSWJKQ0tGRm12WkFXR2VQUT09\" target=\"_blank\" rel=\"noopener\" data-saferedirecturl=\"https:\/\/www.google.com\/url?q=https:\/\/us06web.zoom.us\/j\/82922942827?pwd%3DOGtSenRxSWJKQ0tGRm12WkFXR2VQUT09&amp;source=gmail&amp;ust=1680615568155000&amp;usg=AOvVaw1dyVAEmRUbF2BkNaS48TA_\">https:\/\/us06web.zoom.us\/j\/82922942827?pwd=OGtSenRxSWJKQ0tGRm12WkFXR2VQUT09<\/a><\/p>\n<p>Invitamos a docentes, alumnos, y todas las personas interesadas a sumarse a este encuentro<\/p>\n<p>\u00a1Los esperamos!<\/p>\n","protected":false},"excerpt":{"rendered":"<p>En el marco de la asignatura PR\u00c1CTICA PROFESIONAL de la LICENCIATURA EN ADMINISTRACI\u00d3N, invitamos a participar del Seminario \u201cEconom\u00eda con perspectiva de g\u00e9nero\u201d , a cargo de la Lic. Florencia Correa Deza El mismo se llevar\u00e1 a cabo este mi\u00e9rcoles 05 de abril de 20.00 a 21.30 horas en el aula 15 y por la [&hellip;]<\/p>\n","protected":false},"author":9,"featured_media":6305,"comment_status":"open","ping_status":"open","sticky":false,"template":"","format":"standard","meta":{"footnotes":""},"categories":[4,14],"tags":[],"_links":{"self":[{"href":"https:\/\/face.unt.edu.ar\/web\/iadmin\/wp-json\/wp\/v2\/posts\/6304"}],"collection":[{"href":"https:\/\/face.unt.edu.ar\/web\/iadmin\/wp-json\/wp\/v2\/posts"}],"about":[{"href":"https:\/\/face.unt.edu.ar\/web\/iadmin\/wp-json\/wp\/v2\/types\/post"}],"author":[{"embeddable":true,"href":"https:\/\/face.unt.edu.ar\/web\/iadmin\/wp-json\/wp\/v2\/users\/9"}],"replies":[{"embeddable":true,"href":"https:\/\/face.unt.edu.ar\/web\/iadmin\/wp-json\/wp\/v2\/comments?post=6304"}],"version-history":[{"count":1,"href":"https:\/\/face.unt.edu.ar\/web\/iadmin\/wp-json\/wp\/v2\/posts\/6304\/revisions"}],"predecessor-version":[{"id":6306,"href":"https:\/\/face.unt.edu.ar\/web\/iadmin\/wp-json\/wp\/v2\/posts\/6304\/revisions\/6306"}],"wp:featuredmedia":[{"embeddable":true,"href":"https:\/\/face.unt.edu.ar\/web\/iadmin\/wp-json\/wp\/v2\/media\/6305"}],"wp:attachment":[{"href":"https:\/\/face.unt.edu.ar\/web\/iadmin\/wp-json\/wp\/v2\/media?parent=6304"}],"wp:term":[{"taxonomy":"category","embeddable":true,"href":"https:\/\/face.unt.edu.ar\/web\/iadmin\/wp-json\/wp\/v2\/categories?post=6304"},{"taxonomy":"post_tag","embeddable":true,"href":"https:\/\/face.unt.edu.ar\/web\/iadmin\/wp-json\/wp\/v2\/tags?post=6304"}],"curies":[{"name":"wp","href":"https:\/\/api.w.org\/{rel}","templated":true}]}}