{"id":6308,"date":"2023-04-03T23:14:45","date_gmt":"2023-04-03T23:14:45","guid":{"rendered":"https:\/\/face.unt.edu.ar\/web\/iadmin\/?p=6308"},"modified":"2023-04-03T23:28:05","modified_gmt":"2023-04-03T23:28:05","slug":"curso-de-extension-analitica-de-negocios-con-power-bi","status":"publish","type":"post","link":"https:\/\/face.unt.edu.ar\/web\/iadmin\/curso-de-extension-analitica-de-negocios-con-power-bi\/","title":{"rendered":"Curso de extensi\u00f3n &#8211; Anal\u00edtica de Negocios con POWER BI"},"content":{"rendered":"<div class=\"td-post-content\" data-uw-styling-context=\"true\">\n<p data-uw-styling-context=\"true\">A partir del 12 de abril de 2023 se dictar\u00e1\u00a0 el curso de extensi\u00f3n <strong data-uw-styling-context=\"true\">\u201cAnal\u00edtica de Negocios con POWER BI \u201d <\/strong>en modalidad virtual por Zoom. El mismo estar\u00e1 a cargo de los profesores Esp. Marcelo Medina Galvan, Mg. Javier Antonio Garcia\u00a0 de la C\u00e1tedra Contabilidad Gerencial y la Lic. Corbal\u00e1n Parada, Victoria Agostina<\/p>\n<p data-uw-styling-context=\"true\"><strong data-uw-styling-context=\"true\">Destinado:<br data-uw-styling-context=\"true\" \/><\/strong><\/p>\n<p>Personas que tengan inter\u00e9s en conocer herramientas de Anal\u00edtica de Negocios.<br \/>\nPersonas que toman decisiones u ocupan cargos gerenciales dentro de una organizaci\u00f3n.<br \/>\nTodo aquel que desee mejorar sus habilidades anal\u00edticas.<\/p>\n<p data-uw-styling-context=\"true\"><strong data-uw-styling-context=\"true\">Fecha de realizaci\u00f3n:<br data-uw-styling-context=\"true\" \/><\/strong><\/p>\n<ul data-uw-styling-context=\"true\">\n<li>Mi\u00e9rcoles 12\/04<\/li>\n<li>Jueves 13\/04<\/li>\n<li>Mi\u00e9rcoles 19\/04<\/li>\n<li>Jueves 20\/04<\/li>\n<li>Mi\u00e9rcoles 26\/04<\/li>\n<li>Jueves 27\/04<\/li>\n<li>Horario: 18:30 a 21:30 hs<\/li>\n<\/ul>\n<p data-uw-styling-context=\"true\"><strong data-uw-styling-context=\"true\">Lugar de realizaci\u00f3n:<br data-uw-styling-context=\"true\" \/><\/strong><\/p>\n<p class=\"zfr3Q\" dir=\"ltr\" data-uw-styling-context=\"true\">Clases virtuales utilizando la plataforma Zoom<\/p>\n<p class=\"zfr3Q\" dir=\"ltr\" data-uw-styling-context=\"true\">6 encuentros con una carga horaria de dieciocho horas reloj<\/p>\n<p class=\"zfr3Q\" dir=\"ltr\" data-uw-styling-context=\"true\">Cupo M\u00e1ximo 20: Este curso ofrece una capacitaci\u00f3n y seguimiento personalizado.<\/p>\n<p data-uw-styling-context=\"true\"><strong data-uw-styling-context=\"true\">Objetivos<br data-uw-styling-context=\"true\" \/><\/strong><\/p>\n<p>El objetivo general del curso es introducir al participante en la disciplina de la Anal\u00edtica de Negocios, presentando los principales aspectos para la implementaci\u00f3n de herramientas y t\u00e9cnicas anal\u00edticas, utilizando Power BI como soporte visual.<\/p>\n<p data-uw-styling-context=\"true\"><strong data-uw-styling-context=\"true\">Contenidos<br data-uw-styling-context=\"true\" \/><\/strong><\/p>\n<p><strong>UNIDAD N\u00b0 1: Anal\u00edtica de Negocios. Estructuraci\u00f3n de Datos<\/strong><\/p>\n<p>Conceptualizaci\u00f3n de la Anal\u00edtica de Negocios. La Ciencia de Datos. Recolecci\u00f3n de Datos. Elaboraci\u00f3n de tablas. Datos y sabidur\u00eda. Big data. Estad\u00edstica descriptiva e inferencial. Variables. Escalas de medici\u00f3n.<\/p>\n<p><strong>\u00a0<\/strong><strong>UNIDAD N\u00b0 2: Descripci\u00f3n de datos <\/strong><\/p>\n<p>Alternativas de descripci\u00f3n de datos. Tablas de frecuencia. C\u00e1lculo de medidas res\u00famenes. Interpretaci\u00f3n. Tablas din\u00e1micas. Complementos en Excel. Tablas en Power BI.<\/p>\n<p><strong>\u00a0<\/strong><strong>UNIDAD N\u00b0 3: Visualizaci\u00f3n de Datos<\/strong><\/p>\n<p>Tipos de gr\u00e1ficos. Indicaciones. Errores comunes. DROPA. Gr\u00e1ficos para variables cuantitativas y cualitativas. Gr\u00e1ficos multivariados. Gr\u00e1ficos en Excel y en Power BI.<\/p>\n<p data-uw-styling-context=\"true\">Las pre-inscripciones se realizan en el siguiente formulario:<\/p>\n<p data-uw-styling-context=\"true\"><a href=\"http:\/\/Bit.ly\/centrodecapacitacioncontinua\"> Bit.ly\/centrodecapacitacioncontinua<\/a><\/p>\n<h4 data-uw-styling-context=\"true\">Informes:<\/h4>\n<p data-uw-styling-context=\"true\">www.facebook.com\/seri.face.unt<br data-uw-styling-context=\"true\" \/>www.facebook.com\/InstitutoDeAdministracion<\/p>\n<p data-uw-styling-context=\"true\"><strong data-uw-styling-context=\"true\">Organiza:<\/strong><\/p>\n<p data-uw-styling-context=\"true\">Centro de Capacitaci\u00f3n Continua<br data-uw-styling-context=\"true\" \/>Instituto de Administraci\u00f3n<br data-uw-styling-context=\"true\" \/>Facultad de Ciencias Econ\u00f3micas \u2013 UNT<\/p>\n<div data-uw-styling-context=\"true\">\u00a0<img decoding=\"async\" loading=\"lazy\" class=\"td-animation-stack-type0-2 alignleft\" src=\"https:\/\/sites.google.com\/a\/face.unt.edu.ar\/herramientas-de-gestion-y-colaboracion\/_\/rsrc\/1563983499463\/home\/instituto.png?height=173&amp;width=200\" width=\"132\" height=\"115\" border=\"0\" data-uw-styling-context=\"true\" \/><\/div>\n<\/div>\n<footer data-uw-styling-context=\"true\">\n<div class=\"td-post-source-tags\" data-uw-styling-context=\"true\"><\/div>\n<\/footer>\n","protected":false},"excerpt":{"rendered":"<p>A partir del 12 de abril de 2023 se dictar\u00e1\u00a0 el curso de extensi\u00f3n \u201cAnal\u00edtica de Negocios con POWER BI \u201d en modalidad virtual por Zoom. El mismo estar\u00e1 a cargo de los profesores Esp. Marcelo Medina Galvan, Mg. Javier Antonio Garcia\u00a0 de la C\u00e1tedra Contabilidad Gerencial y la Lic. Corbal\u00e1n Parada, Victoria Agostina Destinado: [&hellip;]<\/p>\n","protected":false},"author":9,"featured_media":6311,"comment_status":"open","ping_status":"open","sticky":false,"template":"","format":"standard","meta":{"footnotes":""},"categories":[4,14],"tags":[],"_links":{"self":[{"href":"https:\/\/face.unt.edu.ar\/web\/iadmin\/wp-json\/wp\/v2\/posts\/6308"}],"collection":[{"href":"https:\/\/face.unt.edu.ar\/web\/iadmin\/wp-json\/wp\/v2\/posts"}],"about":[{"href":"https:\/\/face.unt.edu.ar\/web\/iadmin\/wp-json\/wp\/v2\/types\/post"}],"author":[{"embeddable":true,"href":"https:\/\/face.unt.edu.ar\/web\/iadmin\/wp-json\/wp\/v2\/users\/9"}],"replies":[{"embeddable":true,"href":"https:\/\/face.unt.edu.ar\/web\/iadmin\/wp-json\/wp\/v2\/comments?post=6308"}],"version-history":[{"count":3,"href":"https:\/\/face.unt.edu.ar\/web\/iadmin\/wp-json\/wp\/v2\/posts\/6308\/revisions"}],"predecessor-version":[{"id":6312,"href":"https:\/\/face.unt.edu.ar\/web\/iadmin\/wp-json\/wp\/v2\/posts\/6308\/revisions\/6312"}],"wp:featuredmedia":[{"embeddable":true,"href":"https:\/\/face.unt.edu.ar\/web\/iadmin\/wp-json\/wp\/v2\/media\/6311"}],"wp:attachment":[{"href":"https:\/\/face.unt.edu.ar\/web\/iadmin\/wp-json\/wp\/v2\/media?parent=6308"}],"wp:term":[{"taxonomy":"category","embeddable":true,"href":"https:\/\/face.unt.edu.ar\/web\/iadmin\/wp-json\/wp\/v2\/categories?post=6308"},{"taxonomy":"post_tag","embeddable":true,"href":"https:\/\/face.unt.edu.ar\/web\/iadmin\/wp-json\/wp\/v2\/tags?post=6308"}],"curies":[{"name":"wp","href":"https:\/\/api.w.org\/{rel}","templated":true}]}}