{"id":6313,"date":"2023-04-05T13:28:24","date_gmt":"2023-04-05T13:28:24","guid":{"rendered":"https:\/\/face.unt.edu.ar\/web\/iadmin\/?p=6313"},"modified":"2023-04-14T15:48:21","modified_gmt":"2023-04-14T15:48:21","slug":"seminario-metodologias-agiles","status":"publish","type":"post","link":"https:\/\/face.unt.edu.ar\/web\/iadmin\/seminario-metodologias-agiles\/","title":{"rendered":"Seminario &#8211; Metodolog\u00edas \u00e1giles"},"content":{"rendered":"<p>En el marco de la asignatura Pr\u00e1ctica Profesional de la Licenciatura en Administraci\u00f3n, invitamos a participar del Seminario \u00abMetodolog\u00edas \u00e1giles\u00bb, a cargo del Lic. Esteban Mulki<\/p>\n<p>El mismo se llevar\u00e1 a cabo este lunes 10\/04 y mi\u00e9rcoles 12\/04 de 20 a 21.30hs, en el aula 15<\/p>\n<p>Invitamos a docentes, alumnos, y todas las personas interesadas a sumarse a este encuentro<\/p>\n<p>\u00a1Los esperamos!<\/p>\n<div class=\"yj6qo\"><\/div>\n<div class=\"adL\"><\/div>\n","protected":false},"excerpt":{"rendered":"<p>En el marco de la asignatura Pr\u00e1ctica Profesional de la Licenciatura en Administraci\u00f3n, invitamos a participar del Seminario \u00abMetodolog\u00edas \u00e1giles\u00bb, a cargo del Lic. Esteban Mulki El mismo se llevar\u00e1 a cabo este lunes 10\/04 y mi\u00e9rcoles 12\/04 de 20 a 21.30hs, en el aula 15 Invitamos a docentes, alumnos, y todas las personas interesadas [&hellip;]<\/p>\n","protected":false},"author":9,"featured_media":6314,"comment_status":"open","ping_status":"open","sticky":false,"template":"","format":"standard","meta":{"footnotes":""},"categories":[4,14],"tags":[],"_links":{"self":[{"href":"https:\/\/face.unt.edu.ar\/web\/iadmin\/wp-json\/wp\/v2\/posts\/6313"}],"collection":[{"href":"https:\/\/face.unt.edu.ar\/web\/iadmin\/wp-json\/wp\/v2\/posts"}],"about":[{"href":"https:\/\/face.unt.edu.ar\/web\/iadmin\/wp-json\/wp\/v2\/types\/post"}],"author":[{"embeddable":true,"href":"https:\/\/face.unt.edu.ar\/web\/iadmin\/wp-json\/wp\/v2\/users\/9"}],"replies":[{"embeddable":true,"href":"https:\/\/face.unt.edu.ar\/web\/iadmin\/wp-json\/wp\/v2\/comments?post=6313"}],"version-history":[{"count":2,"href":"https:\/\/face.unt.edu.ar\/web\/iadmin\/wp-json\/wp\/v2\/posts\/6313\/revisions"}],"predecessor-version":[{"id":6322,"href":"https:\/\/face.unt.edu.ar\/web\/iadmin\/wp-json\/wp\/v2\/posts\/6313\/revisions\/6322"}],"wp:featuredmedia":[{"embeddable":true,"href":"https:\/\/face.unt.edu.ar\/web\/iadmin\/wp-json\/wp\/v2\/media\/6314"}],"wp:attachment":[{"href":"https:\/\/face.unt.edu.ar\/web\/iadmin\/wp-json\/wp\/v2\/media?parent=6313"}],"wp:term":[{"taxonomy":"category","embeddable":true,"href":"https:\/\/face.unt.edu.ar\/web\/iadmin\/wp-json\/wp\/v2\/categories?post=6313"},{"taxonomy":"post_tag","embeddable":true,"href":"https:\/\/face.unt.edu.ar\/web\/iadmin\/wp-json\/wp\/v2\/tags?post=6313"}],"curies":[{"name":"wp","href":"https:\/\/api.w.org\/{rel}","templated":true}]}}