{"id":6316,"date":"2023-04-05T13:31:22","date_gmt":"2023-04-05T13:31:22","guid":{"rendered":"https:\/\/face.unt.edu.ar\/web\/iadmin\/?p=6316"},"modified":"2023-04-14T15:48:01","modified_gmt":"2023-04-14T15:48:01","slug":"cronograma-de-actividades-de-la-practica-profesional-de-la-licenciatura-en-administracion","status":"publish","type":"post","link":"https:\/\/face.unt.edu.ar\/web\/iadmin\/cronograma-de-actividades-de-la-practica-profesional-de-la-licenciatura-en-administracion\/","title":{"rendered":"Cronograma de Actividades de la Pr\u00e1ctica Profesional de la Licenciatura en Administraci\u00f3n"},"content":{"rendered":"<p><a href=\"https:\/\/face.unt.edu.ar\/web\/iadmin\/wp-content\/uploads\/sites\/2\/2023\/04\/02.png\"><img decoding=\"async\" loading=\"lazy\" class=\"size-medium wp-image-6318 alignleft\" src=\"https:\/\/face.unt.edu.ar\/web\/iadmin\/wp-content\/uploads\/sites\/2\/2023\/04\/02-300x300.png\" alt=\"\" width=\"300\" height=\"300\" srcset=\"https:\/\/face.unt.edu.ar\/web\/iadmin\/wp-content\/uploads\/sites\/2\/2023\/04\/02-300x300.png 300w, https:\/\/face.unt.edu.ar\/web\/iadmin\/wp-content\/uploads\/sites\/2\/2023\/04\/02-1024x1024.png 1024w, https:\/\/face.unt.edu.ar\/web\/iadmin\/wp-content\/uploads\/sites\/2\/2023\/04\/02-150x150.png 150w, https:\/\/face.unt.edu.ar\/web\/iadmin\/wp-content\/uploads\/sites\/2\/2023\/04\/02-768x768.png 768w, https:\/\/face.unt.edu.ar\/web\/iadmin\/wp-content\/uploads\/sites\/2\/2023\/04\/02.png 1080w\" sizes=\"(max-width: 300px) 100vw, 300px\" \/><\/a> <a href=\"https:\/\/face.unt.edu.ar\/web\/iadmin\/wp-content\/uploads\/sites\/2\/2023\/04\/03.png\"><img decoding=\"async\" loading=\"lazy\" class=\"size-medium wp-image-6319 alignright\" src=\"https:\/\/face.unt.edu.ar\/web\/iadmin\/wp-content\/uploads\/sites\/2\/2023\/04\/03-300x300.png\" alt=\"\" width=\"300\" height=\"300\" srcset=\"https:\/\/face.unt.edu.ar\/web\/iadmin\/wp-content\/uploads\/sites\/2\/2023\/04\/03-300x300.png 300w, https:\/\/face.unt.edu.ar\/web\/iadmin\/wp-content\/uploads\/sites\/2\/2023\/04\/03-1024x1024.png 1024w, https:\/\/face.unt.edu.ar\/web\/iadmin\/wp-content\/uploads\/sites\/2\/2023\/04\/03-150x150.png 150w, https:\/\/face.unt.edu.ar\/web\/iadmin\/wp-content\/uploads\/sites\/2\/2023\/04\/03-768x768.png 768w, https:\/\/face.unt.edu.ar\/web\/iadmin\/wp-content\/uploads\/sites\/2\/2023\/04\/03.png 1080w\" sizes=\"(max-width: 300px) 100vw, 300px\" \/><\/a><\/p>\n<p>&nbsp;<\/p>\n<p>&nbsp;<\/p>\n<p>&nbsp;<\/p>\n<p>&nbsp;<\/p>\n<p>&nbsp;<\/p>\n<p><a href=\"https:\/\/face.unt.edu.ar\/web\/iadmin\/wp-content\/uploads\/sites\/2\/2023\/04\/04-1.png\"><img decoding=\"async\" loading=\"lazy\" class=\"aligncenter size-medium wp-image-6328\" src=\"https:\/\/face.unt.edu.ar\/web\/iadmin\/wp-content\/uploads\/sites\/2\/2023\/04\/04-1-300x300.png\" alt=\"\" width=\"300\" height=\"300\" srcset=\"https:\/\/face.unt.edu.ar\/web\/iadmin\/wp-content\/uploads\/sites\/2\/2023\/04\/04-1-300x300.png 300w, https:\/\/face.unt.edu.ar\/web\/iadmin\/wp-content\/uploads\/sites\/2\/2023\/04\/04-1-1024x1024.png 1024w, https:\/\/face.unt.edu.ar\/web\/iadmin\/wp-content\/uploads\/sites\/2\/2023\/04\/04-1-150x150.png 150w, https:\/\/face.unt.edu.ar\/web\/iadmin\/wp-content\/uploads\/sites\/2\/2023\/04\/04-1-768x768.png 768w, https:\/\/face.unt.edu.ar\/web\/iadmin\/wp-content\/uploads\/sites\/2\/2023\/04\/04-1.png 1080w\" sizes=\"(max-width: 300px) 100vw, 300px\" \/><\/a><\/p>\n<p><img decoding=\"async\" class=\"an1 alignnone\" src=\"https:\/\/fonts.gstatic.com\/s\/e\/notoemoji\/15.0\/1f538\/32.png\" alt=\"\ud83d\udd38\" data-emoji=\"\ud83d\udd38\" aria-label=\"\ud83d\udd38\" \/>Seminario: Econom\u00eda con perspectiva de g\u00e9nero<br \/>\nDisertante: Lic. Florencia Correa Deza<br \/>\nD\u00eda: lunes 03\/04<br \/>\nHorario: 20 a 21.30hs<br \/>\nLugar: Aula 15 \u2013 Plataforma Zoom<\/p>\n<p><img decoding=\"async\" class=\"an1 alignleft\" src=\"https:\/\/fonts.gstatic.com\/s\/e\/notoemoji\/15.0\/1f538\/32.png\" alt=\"\ud83d\udd38\" data-emoji=\"\ud83d\udd38\" aria-label=\"\ud83d\udd38\" \/>Seminario: Econom\u00eda Ambiental<br \/>\nDisertante: Mg. Mariana Delgado Cordom\u00ed<br \/>\nD\u00eda: mi\u00e9rcoles 05\/04<br \/>\nHorario: 20 a 21.30hs<br \/>\nLugar: Aula 15 \u2013 Plataforma Zoom<\/p>\n<p><img decoding=\"async\" class=\"an1 alignleft\" src=\"https:\/\/fonts.gstatic.com\/s\/e\/notoemoji\/15.0\/1f538\/32.png\" alt=\"\ud83d\udd38\" data-emoji=\"\ud83d\udd38\" aria-label=\"\ud83d\udd38\" \/>Seminario: Metodolog\u00edas \u00c1giles<br \/>\nDisertante: Lic. Esteban Mulki<br \/>\nD\u00eda: lunes 10\/04 y mi\u00e9rcoles 12\/04<br \/>\nHorario: 20 a 21.30hs<br \/>\nLugar: Aula 15<\/p>\n<p><img decoding=\"async\" class=\"an1 alignleft\" src=\"https:\/\/fonts.gstatic.com\/s\/e\/notoemoji\/15.0\/1f538\/32.png\" alt=\"\ud83d\udd38\" data-emoji=\"\ud83d\udd38\" aria-label=\"\ud83d\udd38\" \/>Conferencia: Business Analytics en el an\u00e1lisis financiero de las empresas<br \/>\nDisertante: Cr. Antonio S\u00e1nchez de Boeck<br \/>\nD\u00eda: lunes 17\/04<br \/>\nHorario: 20 a 21.30hs<br \/>\nLugar: Anf A3<br \/>\nOrganizado por la C\u00e1tedra de Finanzas I<\/p>\n<p><img decoding=\"async\" class=\"an1 alignleft\" src=\"https:\/\/fonts.gstatic.com\/s\/e\/notoemoji\/15.0\/1f538\/32.png\" alt=\"\ud83d\udd38\" data-emoji=\"\ud83d\udd38\" aria-label=\"\ud83d\udd38\" \/>Conferencia: La Mejora Continua en las organizaciones: El ciclo PDCA aplicado<br \/>\nDisertante: Lic. Pablo Aguilar<br \/>\nD\u00eda: mi\u00e9rcoles 19\/04<br \/>\nHorario: 20 a 21.30hs<br \/>\nLugar: Aula 15 y por plataforma Zoom<\/p>\n<p><img decoding=\"async\" class=\"an1 alignleft\" src=\"https:\/\/fonts.gstatic.com\/s\/e\/notoemoji\/15.0\/1f538\/32.png\" alt=\"\ud83d\udd38\" data-emoji=\"\ud83d\udd38\" aria-label=\"\ud83d\udd38\" \/>Seminario: Historia de Empresas de Familia<br \/>\nDisertante: Dra. Claudia Herrera<br \/>\nD\u00eda: lunes 24\/04 y mi\u00e9rcoles 26\/04<br \/>\nHorario: 20 a 21.30hs<br \/>\nLugar: Aula 15<\/p>\n<p>Invitamos a docentes, alumnos, y todas las personas interesadas a sumarse a estos encuentros<\/p>\n<p>\u00a1Los esperamos!<\/p>\n<div class=\"yj6qo\"><\/div>\n<div class=\"adL\"><\/div>\n","protected":false},"excerpt":{"rendered":"<p>&nbsp; &nbsp; &nbsp; &nbsp; &nbsp; Seminario: Econom\u00eda con perspectiva de g\u00e9nero Disertante: Lic. Florencia Correa Deza D\u00eda: lunes 03\/04 Horario: 20 a 21.30hs Lugar: Aula 15 \u2013 Plataforma Zoom Seminario: Econom\u00eda Ambiental Disertante: Mg. Mariana Delgado Cordom\u00ed D\u00eda: mi\u00e9rcoles 05\/04 Horario: 20 a 21.30hs Lugar: Aula 15 \u2013 Plataforma Zoom Seminario: Metodolog\u00edas \u00c1giles Disertante: Lic. [&hellip;]<\/p>\n","protected":false},"author":9,"featured_media":6325,"comment_status":"open","ping_status":"open","sticky":false,"template":"","format":"standard","meta":{"footnotes":""},"categories":[4,14],"tags":[],"_links":{"self":[{"href":"https:\/\/face.unt.edu.ar\/web\/iadmin\/wp-json\/wp\/v2\/posts\/6316"}],"collection":[{"href":"https:\/\/face.unt.edu.ar\/web\/iadmin\/wp-json\/wp\/v2\/posts"}],"about":[{"href":"https:\/\/face.unt.edu.ar\/web\/iadmin\/wp-json\/wp\/v2\/types\/post"}],"author":[{"embeddable":true,"href":"https:\/\/face.unt.edu.ar\/web\/iadmin\/wp-json\/wp\/v2\/users\/9"}],"replies":[{"embeddable":true,"href":"https:\/\/face.unt.edu.ar\/web\/iadmin\/wp-json\/wp\/v2\/comments?post=6316"}],"version-history":[{"count":3,"href":"https:\/\/face.unt.edu.ar\/web\/iadmin\/wp-json\/wp\/v2\/posts\/6316\/revisions"}],"predecessor-version":[{"id":6329,"href":"https:\/\/face.unt.edu.ar\/web\/iadmin\/wp-json\/wp\/v2\/posts\/6316\/revisions\/6329"}],"wp:featuredmedia":[{"embeddable":true,"href":"https:\/\/face.unt.edu.ar\/web\/iadmin\/wp-json\/wp\/v2\/media\/6325"}],"wp:attachment":[{"href":"https:\/\/face.unt.edu.ar\/web\/iadmin\/wp-json\/wp\/v2\/media?parent=6316"}],"wp:term":[{"taxonomy":"category","embeddable":true,"href":"https:\/\/face.unt.edu.ar\/web\/iadmin\/wp-json\/wp\/v2\/categories?post=6316"},{"taxonomy":"post_tag","embeddable":true,"href":"https:\/\/face.unt.edu.ar\/web\/iadmin\/wp-json\/wp\/v2\/tags?post=6316"}],"curies":[{"name":"wp","href":"https:\/\/api.w.org\/{rel}","templated":true}]}}