{"id":6378,"date":"2023-05-12T14:28:43","date_gmt":"2023-05-12T14:28:43","guid":{"rendered":"https:\/\/face.unt.edu.ar\/web\/iadmin\/?p=6378"},"modified":"2023-08-22T15:29:51","modified_gmt":"2023-08-22T15:29:51","slug":"curso-de-extension-introduccion-a-la-herramienta-5-s-aplicacion-en-empresas","status":"publish","type":"post","link":"https:\/\/face.unt.edu.ar\/web\/iadmin\/curso-de-extension-introduccion-a-la-herramienta-5-s-aplicacion-en-empresas\/","title":{"rendered":"Curso de extensi\u00f3n  &#8211; Introducci\u00f3n a la herramienta 5 \u201dS\u201d: aplicaci\u00f3n en empresas"},"content":{"rendered":"<div class=\"td-post-content\">\n<div class=\"td-post-content\" data-uw-styling-context=\"true\">\n<p data-uw-styling-context=\"true\">A partir del 17 de mayo de 2023 se dictar\u00e1\u00a0 el curso de extensi\u00f3n <strong data-uw-styling-context=\"true\">\u201cIntroducci\u00f3n a la herramienta 5 \u201dS\u201d: aplicaci\u00f3n en empresas \u201d. <\/strong>\u00a0El mismo estar\u00e1 a cargo del profesor Lic. Aguilar Pablo Mart\u00edn de la C\u00e1tedra Administraci\u00f3n I.<\/p>\n<p data-uw-styling-context=\"true\"><strong data-uw-styling-context=\"true\">Destinado:<br data-uw-styling-context=\"true\" \/><\/strong><\/p>\n<p>Destinado a Mandos medios, personal de \u00e1reas de producci\u00f3n y administrativas, estudiantes y docente, p\u00fablico en general<\/p>\n<p data-uw-styling-context=\"true\"><strong data-uw-styling-context=\"true\">Fecha de realizaci\u00f3n:<br data-uw-styling-context=\"true\" \/><\/strong><\/p>\n<ul data-uw-styling-context=\"true\">\n<li>Mi\u00e9rcoles 17\/05<\/li>\n<li>Viernes 19\/05<\/li>\n<li>Mi\u00e9rcoles 24\/05<\/li>\n<li>Mi\u00e9rcoles 31\/05<\/li>\n<li>Horario: 17:00 a 20:00 hs<\/li>\n<\/ul>\n<p data-uw-styling-context=\"true\"><strong data-uw-styling-context=\"true\">Lugar de realizaci\u00f3n:<br data-uw-styling-context=\"true\" \/><\/strong><\/p>\n<p class=\"zfr3Q\" dir=\"ltr\" data-uw-styling-context=\"true\">Presencial &#8211; Facultad de Ciencias Econ\u00f3micas UNT &#8211; Avenida Independencia 1900<\/p>\n<p class=\"zfr3Q\" dir=\"ltr\" data-uw-styling-context=\"true\">4 encuentros con una carga horaria de doce horas reloj<\/p>\n<p class=\"zfr3Q\" dir=\"ltr\" data-uw-styling-context=\"true\">Cupo M\u00e1ximo 20 alumnos<\/p>\n<p data-uw-styling-context=\"true\"><strong data-uw-styling-context=\"true\">Objetivos<br data-uw-styling-context=\"true\" \/><\/strong><\/p>\n<p>Dar a conocer la metodolog\u00eda 5 \u201cS\u201d, proceso, beneficios y aplicaci\u00f3n de la misma, de tal manera que los participantes puedan aplicar los conceptos en los entornos empresariales.<\/p>\n<p data-uw-styling-context=\"true\"><strong data-uw-styling-context=\"true\">Contenidos<br data-uw-styling-context=\"true\" \/><\/strong><\/p>\n<p>Introducci\u00f3n<\/p>\n<p>Descubriendo el concepto intr\u00ednseco de la herramienta.<\/p>\n<p>\u00bfQu\u00e9 son las 5 \u201cS\u201d?<\/p>\n<p>Las 5 \u201cS\u201d en la pr\u00e1ctica<\/p>\n<p>Seiri (Selecci\u00f3n)<\/p>\n<p>Seiton (Orden)<\/p>\n<p>Seiso (Limpieza)<\/p>\n<p>Seiketsu (Mantenimiento)<\/p>\n<p>Shitsuke (Autodisciplina)<\/p>\n<p>Teor\u00eda y ejercicios pr\u00e1cticos de cada paso<\/p>\n<p>Registros y ejemplos<\/p>\n<p>Recomendaciones<\/p>\n<p>Integraci\u00f3n con otros conceptos Kaizen.<\/p>\n<p data-uw-styling-context=\"true\">Las pre-inscripciones se realizan en el siguiente formulario:<\/p>\n<p data-uw-styling-context=\"true\"><a href=\"http:\/\/bit.ly\/centrodecapacitacioncontinua\">Bit.ly\/centrodecapacitacioncontinua<\/a><\/p>\n<h4 data-uw-styling-context=\"true\">Informes:<a href=\"https:\/\/sites.google.com\/face.unt.edu.ar\/capacitacion-face\/inicio\/administraci%C3%B3n\/introducci%C3%B3n-a-las-5s-aplicaci%C3%B3n-en-empresa\"> https:\/\/sites.google.com\/face.unt.edu.ar\/capacitacion-face\/inicio\/administraci%C3%B3n\/introducci%C3%B3n-a-las-5s-aplicaci%C3%B3n-en-empresa<\/a><\/h4>\n<p data-uw-styling-context=\"true\">www.facebook.com\/seri.face.unt<br data-uw-styling-context=\"true\" \/>www.facebook.com\/InstitutoDeAdministracion<\/p>\n<p data-uw-styling-context=\"true\"><strong data-uw-styling-context=\"true\">Organiza:<\/strong><\/p>\n<p data-uw-styling-context=\"true\">Centro de Capacitaci\u00f3n Continua<br data-uw-styling-context=\"true\" \/>Instituto de Administraci\u00f3n<br data-uw-styling-context=\"true\" \/>Facultad de Ciencias Econ\u00f3micas \u2013 UNT<\/p>\n<div data-uw-styling-context=\"true\">\u00a0<img decoding=\"async\" loading=\"lazy\" class=\"td-animation-stack-type0-2 alignleft\" src=\"https:\/\/sites.google.com\/a\/face.unt.edu.ar\/herramientas-de-gestion-y-colaboracion\/_\/rsrc\/1563983499463\/home\/instituto.png?height=173&amp;width=200\" width=\"132\" height=\"115\" border=\"0\" data-uw-styling-context=\"true\" \/><\/div>\n<\/div>\n<footer data-uw-styling-context=\"true\">\n<div class=\"td-post-source-tags\" data-uw-styling-context=\"true\"><\/div>\n<\/footer>\n<\/div>\n<footer>\n<div class=\"td-post-source-tags\"><\/div>\n<div class=\"td-post-sharing-bottom\">\n<div class=\"td-post-sharing-classic\"><\/div>\n<div id=\"td_social_sharing_article_bottom\" class=\"td-post-sharing td-ps-bg td-ps-notext td-post-sharing-style1 \">\n<div class=\"td-post-sharing-visible\">\n<div class=\"td-social-but-icon\"><\/div>\n<div class=\"td-social-but-icon\"><\/div>\n<div class=\"td-social-but-icon\"><\/div>\n<div class=\"td-social-but-icon\"><\/div>\n<\/div>\n<\/div>\n<\/div>\n<\/footer>\n","protected":false},"excerpt":{"rendered":"<p>A partir del 17 de mayo de 2023 se dictar\u00e1\u00a0 el curso de extensi\u00f3n \u201cIntroducci\u00f3n a la herramienta 5 \u201dS\u201d: aplicaci\u00f3n en empresas \u201d. \u00a0El mismo estar\u00e1 a cargo del profesor Lic. Aguilar Pablo Mart\u00edn de la C\u00e1tedra Administraci\u00f3n I. Destinado: Destinado a Mandos medios, personal de \u00e1reas de producci\u00f3n y administrativas, estudiantes y docente, [&hellip;]<\/p>\n","protected":false},"author":9,"featured_media":6381,"comment_status":"open","ping_status":"open","sticky":false,"template":"","format":"standard","meta":{"footnotes":""},"categories":[4,14],"tags":[],"_links":{"self":[{"href":"https:\/\/face.unt.edu.ar\/web\/iadmin\/wp-json\/wp\/v2\/posts\/6378"}],"collection":[{"href":"https:\/\/face.unt.edu.ar\/web\/iadmin\/wp-json\/wp\/v2\/posts"}],"about":[{"href":"https:\/\/face.unt.edu.ar\/web\/iadmin\/wp-json\/wp\/v2\/types\/post"}],"author":[{"embeddable":true,"href":"https:\/\/face.unt.edu.ar\/web\/iadmin\/wp-json\/wp\/v2\/users\/9"}],"replies":[{"embeddable":true,"href":"https:\/\/face.unt.edu.ar\/web\/iadmin\/wp-json\/wp\/v2\/comments?post=6378"}],"version-history":[{"count":3,"href":"https:\/\/face.unt.edu.ar\/web\/iadmin\/wp-json\/wp\/v2\/posts\/6378\/revisions"}],"predecessor-version":[{"id":6408,"href":"https:\/\/face.unt.edu.ar\/web\/iadmin\/wp-json\/wp\/v2\/posts\/6378\/revisions\/6408"}],"wp:featuredmedia":[{"embeddable":true,"href":"https:\/\/face.unt.edu.ar\/web\/iadmin\/wp-json\/wp\/v2\/media\/6381"}],"wp:attachment":[{"href":"https:\/\/face.unt.edu.ar\/web\/iadmin\/wp-json\/wp\/v2\/media?parent=6378"}],"wp:term":[{"taxonomy":"category","embeddable":true,"href":"https:\/\/face.unt.edu.ar\/web\/iadmin\/wp-json\/wp\/v2\/categories?post=6378"},{"taxonomy":"post_tag","embeddable":true,"href":"https:\/\/face.unt.edu.ar\/web\/iadmin\/wp-json\/wp\/v2\/tags?post=6378"}],"curies":[{"name":"wp","href":"https:\/\/api.w.org\/{rel}","templated":true}]}}