{"id":6401,"date":"2023-05-08T12:45:20","date_gmt":"2023-05-08T12:45:20","guid":{"rendered":"https:\/\/face.unt.edu.ar\/web\/iadmin\/?p=6401"},"modified":"2023-08-22T15:30:54","modified_gmt":"2023-08-22T15:30:54","slug":"charla-mi-experiencia-profesional-como-gerente-comercial-practica-profesional","status":"publish","type":"post","link":"https:\/\/face.unt.edu.ar\/web\/iadmin\/charla-mi-experiencia-profesional-como-gerente-comercial-practica-profesional\/","title":{"rendered":"Charla &#8211; Mi experiencia profesional como Gerente Comercial &#8211; Pr\u00e1ctica Profesional"},"content":{"rendered":"<p>En el marco de la asignatura Pr\u00e1ctica Profesional de la Licenciatura en Administraci\u00f3n, invitamos a participar de la charla \u201cMi experiencia profesional como Gerente Comercial\u201d, a cargo del Lic. Lucas Zarife<\/p>\n<p>La misma se llevar\u00e1 a cabo este mi\u00e9rcoles 10\/05 de 20.00 a 21.30 horas en el aula 15 y por la plataforma Zoom<\/p>\n<p>ID de reuni\u00f3n: 829 2294 2827<br \/>\nC\u00f3digo de acceso: pplea<\/p>\n<p><a href=\"https:\/\/us06web.zoom.us\/j\/82922942827?pwd=OGtSenRxSWJKQ0tGRm12WkFXR2VQUT09\" target=\"_blank\" rel=\"noopener\" data-saferedirecturl=\"https:\/\/www.google.com\/url?q=https:\/\/us06web.zoom.us\/j\/82922942827?pwd%3DOGtSenRxSWJKQ0tGRm12WkFXR2VQUT09&amp;source=gmail&amp;ust=1683634359428000&amp;usg=AOvVaw0XqW4FUWN3pD0H0-KyZwxd\">https:\/\/us06web.zoom.us\/j\/82922942827?pwd=OGtSenRxSWJKQ0tGRm12WkFXR2VQUT09<\/a><\/p>\n<p>Invitamos a docentes, alumnos, y todas las personas interesadas a sumarse a este encuentro<\/p>\n<p>\u00a1Los esperamos!<\/p>\n","protected":false},"excerpt":{"rendered":"<p>En el marco de la asignatura Pr\u00e1ctica Profesional de la Licenciatura en Administraci\u00f3n, invitamos a participar de la charla \u201cMi experiencia profesional como Gerente Comercial\u201d, a cargo del Lic. Lucas Zarife La misma se llevar\u00e1 a cabo este mi\u00e9rcoles 10\/05 de 20.00 a 21.30 horas en el aula 15 y por la plataforma Zoom ID [&hellip;]<\/p>\n","protected":false},"author":9,"featured_media":6402,"comment_status":"open","ping_status":"open","sticky":false,"template":"","format":"standard","meta":{"footnotes":""},"categories":[4,14],"tags":[],"_links":{"self":[{"href":"https:\/\/face.unt.edu.ar\/web\/iadmin\/wp-json\/wp\/v2\/posts\/6401"}],"collection":[{"href":"https:\/\/face.unt.edu.ar\/web\/iadmin\/wp-json\/wp\/v2\/posts"}],"about":[{"href":"https:\/\/face.unt.edu.ar\/web\/iadmin\/wp-json\/wp\/v2\/types\/post"}],"author":[{"embeddable":true,"href":"https:\/\/face.unt.edu.ar\/web\/iadmin\/wp-json\/wp\/v2\/users\/9"}],"replies":[{"embeddable":true,"href":"https:\/\/face.unt.edu.ar\/web\/iadmin\/wp-json\/wp\/v2\/comments?post=6401"}],"version-history":[{"count":1,"href":"https:\/\/face.unt.edu.ar\/web\/iadmin\/wp-json\/wp\/v2\/posts\/6401\/revisions"}],"predecessor-version":[{"id":6403,"href":"https:\/\/face.unt.edu.ar\/web\/iadmin\/wp-json\/wp\/v2\/posts\/6401\/revisions\/6403"}],"wp:featuredmedia":[{"embeddable":true,"href":"https:\/\/face.unt.edu.ar\/web\/iadmin\/wp-json\/wp\/v2\/media\/6402"}],"wp:attachment":[{"href":"https:\/\/face.unt.edu.ar\/web\/iadmin\/wp-json\/wp\/v2\/media?parent=6401"}],"wp:term":[{"taxonomy":"category","embeddable":true,"href":"https:\/\/face.unt.edu.ar\/web\/iadmin\/wp-json\/wp\/v2\/categories?post=6401"},{"taxonomy":"post_tag","embeddable":true,"href":"https:\/\/face.unt.edu.ar\/web\/iadmin\/wp-json\/wp\/v2\/tags?post=6401"}],"curies":[{"name":"wp","href":"https:\/\/api.w.org\/{rel}","templated":true}]}}