{"id":6404,"date":"2023-05-11T12:19:51","date_gmt":"2023-05-11T12:19:51","guid":{"rendered":"https:\/\/face.unt.edu.ar\/web\/iadmin\/?p=6404"},"modified":"2023-08-22T15:30:30","modified_gmt":"2023-08-22T15:30:30","slug":"charla-desafios-en-administracion-de-empresas-practica-profesional-de-la-licenciatura-en-administracion","status":"publish","type":"post","link":"https:\/\/face.unt.edu.ar\/web\/iadmin\/charla-desafios-en-administracion-de-empresas-practica-profesional-de-la-licenciatura-en-administracion\/","title":{"rendered":"Charla: Desaf\u00edos en Administraci\u00f3n de Empresas &#8211; Pr\u00e1ctica Profesional de la Licenciatura en Administraci\u00f3n"},"content":{"rendered":"<p>En el marco de la asignatura Pr\u00e1ctica Profesional de la Licenciatura en Administraci\u00f3n, invitamos a participar de la charla \u201cDesaf\u00edos en Administraci\u00f3n de Empresas\u201d, a cargo del Prof. Miguel \u00c1ngel Pero<\/p>\n<p>La misma se llevar\u00e1 a cabo este lunes 15\/05 de 20.00 a 21.30 horas en el aula 15 y por la plataforma Zoom<\/p>\n<p>ID de reuni\u00f3n: 829 2294 2827<br \/>\nC\u00f3digo de acceso: pplea<\/p>\n<p><a href=\"https:\/\/us06web.zoom.us\/j\/82922942827?pwd=OGtSenRxSWJKQ0tGRm12WkFXR2VQUT09\" target=\"_blank\" rel=\"noopener\" data-saferedirecturl=\"https:\/\/www.google.com\/url?q=https:\/\/us06web.zoom.us\/j\/82922942827?pwd%3DOGtSenRxSWJKQ0tGRm12WkFXR2VQUT09&amp;source=gmail&amp;ust=1684843180292000&amp;usg=AOvVaw1pi1GiphbHS4Ju4K-5oMjn\">https:\/\/us06web.zoom.us\/j\/82922942827?pwd=OGtSenRxSWJKQ0tGRm12WkFXR2VQUT09<\/a><\/p>\n<p>Invitamos a docentes, alumnos, y todas las personas interesadas a sumarse a este encuentro<\/p>\n<p>\u00a1Los esperamos!<\/p>\n<div class=\"yj6qo\"><\/div>\n<div class=\"adL\"><\/div>\n","protected":false},"excerpt":{"rendered":"<p>En el marco de la asignatura Pr\u00e1ctica Profesional de la Licenciatura en Administraci\u00f3n, invitamos a participar de la charla \u201cDesaf\u00edos en Administraci\u00f3n de Empresas\u201d, a cargo del Prof. Miguel \u00c1ngel Pero La misma se llevar\u00e1 a cabo este lunes 15\/05 de 20.00 a 21.30 horas en el aula 15 y por la plataforma Zoom ID [&hellip;]<\/p>\n","protected":false},"author":9,"featured_media":6441,"comment_status":"open","ping_status":"open","sticky":false,"template":"","format":"standard","meta":{"footnotes":""},"categories":[4,14],"tags":[],"_links":{"self":[{"href":"https:\/\/face.unt.edu.ar\/web\/iadmin\/wp-json\/wp\/v2\/posts\/6404"}],"collection":[{"href":"https:\/\/face.unt.edu.ar\/web\/iadmin\/wp-json\/wp\/v2\/posts"}],"about":[{"href":"https:\/\/face.unt.edu.ar\/web\/iadmin\/wp-json\/wp\/v2\/types\/post"}],"author":[{"embeddable":true,"href":"https:\/\/face.unt.edu.ar\/web\/iadmin\/wp-json\/wp\/v2\/users\/9"}],"replies":[{"embeddable":true,"href":"https:\/\/face.unt.edu.ar\/web\/iadmin\/wp-json\/wp\/v2\/comments?post=6404"}],"version-history":[{"count":3,"href":"https:\/\/face.unt.edu.ar\/web\/iadmin\/wp-json\/wp\/v2\/posts\/6404\/revisions"}],"predecessor-version":[{"id":6442,"href":"https:\/\/face.unt.edu.ar\/web\/iadmin\/wp-json\/wp\/v2\/posts\/6404\/revisions\/6442"}],"wp:featuredmedia":[{"embeddable":true,"href":"https:\/\/face.unt.edu.ar\/web\/iadmin\/wp-json\/wp\/v2\/media\/6441"}],"wp:attachment":[{"href":"https:\/\/face.unt.edu.ar\/web\/iadmin\/wp-json\/wp\/v2\/media?parent=6404"}],"wp:term":[{"taxonomy":"category","embeddable":true,"href":"https:\/\/face.unt.edu.ar\/web\/iadmin\/wp-json\/wp\/v2\/categories?post=6404"},{"taxonomy":"post_tag","embeddable":true,"href":"https:\/\/face.unt.edu.ar\/web\/iadmin\/wp-json\/wp\/v2\/tags?post=6404"}],"curies":[{"name":"wp","href":"https:\/\/api.w.org\/{rel}","templated":true}]}}