{"id":6409,"date":"2023-05-14T21:39:20","date_gmt":"2023-05-14T21:39:20","guid":{"rendered":"https:\/\/face.unt.edu.ar\/web\/iadmin\/?p=6409"},"modified":"2023-08-22T15:29:08","modified_gmt":"2023-08-22T15:29:08","slug":"charla-mi-experiencia-profesional-como-gerente-comercial","status":"publish","type":"post","link":"https:\/\/face.unt.edu.ar\/web\/iadmin\/charla-mi-experiencia-profesional-como-gerente-comercial\/","title":{"rendered":"Charla \u201cMi experiencia profesional como Gerente Comercial\u201d"},"content":{"rendered":"<p>El d\u00eda mi\u00e9rcoles 10\/04 se llev\u00f3 a cabo la charla \u201cMi experiencia profesional como Gerente Comercial\u201d, a cargo del Lic. Lucas Zarife<\/p>\n<p>Organizado por la C\u00e1tedra Pr\u00e1ctica Profesional de la Licenciatura en Administraci\u00f3n<\/p>\n<p>Puedes disfrutar el encuentro completo en nuestro canal de YouTube\u00a0<img decoding=\"async\" class=\"an1\" src=\"https:\/\/fonts.gstatic.com\/s\/e\/notoemoji\/15.0\/1f449\/32.png\" alt=\"\ud83d\udc49\" data-emoji=\"\ud83d\udc49\" aria-label=\"\ud83d\udc49\" \/><\/p>\n<p><iframe loading=\"lazy\" title=\"PP 08 Charla &quot;Mi experiencia profesional como Gerente Comercial&quot;\" width=\"696\" height=\"392\" src=\"https:\/\/www.youtube.com\/embed\/f1Sx4vy4Hmg?feature=oembed\" frameborder=\"0\" allow=\"accelerometer; autoplay; clipboard-write; encrypted-media; gyroscope; picture-in-picture; web-share\" allowfullscreen><\/iframe><\/p>\n<p><a href=\"https:\/\/face.unt.edu.ar\/web\/iadmin\/wp-content\/uploads\/sites\/2\/2023\/05\/3.png\"><img decoding=\"async\" loading=\"lazy\" class=\"size-medium wp-image-6410 alignleft\" src=\"https:\/\/face.unt.edu.ar\/web\/iadmin\/wp-content\/uploads\/sites\/2\/2023\/05\/3-300x300.png\" alt=\"\" width=\"300\" height=\"300\" srcset=\"https:\/\/face.unt.edu.ar\/web\/iadmin\/wp-content\/uploads\/sites\/2\/2023\/05\/3-300x300.png 300w, https:\/\/face.unt.edu.ar\/web\/iadmin\/wp-content\/uploads\/sites\/2\/2023\/05\/3-1024x1024.png 1024w, https:\/\/face.unt.edu.ar\/web\/iadmin\/wp-content\/uploads\/sites\/2\/2023\/05\/3-150x150.png 150w, https:\/\/face.unt.edu.ar\/web\/iadmin\/wp-content\/uploads\/sites\/2\/2023\/05\/3-768x768.png 768w, https:\/\/face.unt.edu.ar\/web\/iadmin\/wp-content\/uploads\/sites\/2\/2023\/05\/3.png 1080w\" sizes=\"(max-width: 300px) 100vw, 300px\" \/><\/a> <a href=\"https:\/\/face.unt.edu.ar\/web\/iadmin\/wp-content\/uploads\/sites\/2\/2023\/05\/1.png\"><img decoding=\"async\" loading=\"lazy\" class=\"size-medium wp-image-6411 alignright\" src=\"https:\/\/face.unt.edu.ar\/web\/iadmin\/wp-content\/uploads\/sites\/2\/2023\/05\/1-300x300.png\" alt=\"\" width=\"300\" height=\"300\" srcset=\"https:\/\/face.unt.edu.ar\/web\/iadmin\/wp-content\/uploads\/sites\/2\/2023\/05\/1-300x300.png 300w, https:\/\/face.unt.edu.ar\/web\/iadmin\/wp-content\/uploads\/sites\/2\/2023\/05\/1-1024x1024.png 1024w, https:\/\/face.unt.edu.ar\/web\/iadmin\/wp-content\/uploads\/sites\/2\/2023\/05\/1-150x150.png 150w, https:\/\/face.unt.edu.ar\/web\/iadmin\/wp-content\/uploads\/sites\/2\/2023\/05\/1-768x768.png 768w, https:\/\/face.unt.edu.ar\/web\/iadmin\/wp-content\/uploads\/sites\/2\/2023\/05\/1.png 1080w\" sizes=\"(max-width: 300px) 100vw, 300px\" \/><\/a><\/p>\n<div class=\"yj6qo\"><\/div>\n<div class=\"adL\"><\/div>\n","protected":false},"excerpt":{"rendered":"<p>El d\u00eda mi\u00e9rcoles 10\/04 se llev\u00f3 a cabo la charla \u201cMi experiencia profesional como Gerente Comercial\u201d, a cargo del Lic. Lucas Zarife Organizado por la C\u00e1tedra Pr\u00e1ctica Profesional de la Licenciatura en Administraci\u00f3n Puedes disfrutar el encuentro completo en nuestro canal de YouTube\u00a0<\/p>\n","protected":false},"author":9,"featured_media":6412,"comment_status":"open","ping_status":"open","sticky":false,"template":"","format":"standard","meta":{"footnotes":""},"categories":[4,14],"tags":[],"_links":{"self":[{"href":"https:\/\/face.unt.edu.ar\/web\/iadmin\/wp-json\/wp\/v2\/posts\/6409"}],"collection":[{"href":"https:\/\/face.unt.edu.ar\/web\/iadmin\/wp-json\/wp\/v2\/posts"}],"about":[{"href":"https:\/\/face.unt.edu.ar\/web\/iadmin\/wp-json\/wp\/v2\/types\/post"}],"author":[{"embeddable":true,"href":"https:\/\/face.unt.edu.ar\/web\/iadmin\/wp-json\/wp\/v2\/users\/9"}],"replies":[{"embeddable":true,"href":"https:\/\/face.unt.edu.ar\/web\/iadmin\/wp-json\/wp\/v2\/comments?post=6409"}],"version-history":[{"count":2,"href":"https:\/\/face.unt.edu.ar\/web\/iadmin\/wp-json\/wp\/v2\/posts\/6409\/revisions"}],"predecessor-version":[{"id":6414,"href":"https:\/\/face.unt.edu.ar\/web\/iadmin\/wp-json\/wp\/v2\/posts\/6409\/revisions\/6414"}],"wp:featuredmedia":[{"embeddable":true,"href":"https:\/\/face.unt.edu.ar\/web\/iadmin\/wp-json\/wp\/v2\/media\/6412"}],"wp:attachment":[{"href":"https:\/\/face.unt.edu.ar\/web\/iadmin\/wp-json\/wp\/v2\/media?parent=6409"}],"wp:term":[{"taxonomy":"category","embeddable":true,"href":"https:\/\/face.unt.edu.ar\/web\/iadmin\/wp-json\/wp\/v2\/categories?post=6409"},{"taxonomy":"post_tag","embeddable":true,"href":"https:\/\/face.unt.edu.ar\/web\/iadmin\/wp-json\/wp\/v2\/tags?post=6409"}],"curies":[{"name":"wp","href":"https:\/\/api.w.org\/{rel}","templated":true}]}}