{"id":6479,"date":"2023-06-05T15:31:43","date_gmt":"2023-06-05T15:31:43","guid":{"rendered":"https:\/\/face.unt.edu.ar\/web\/iadmin\/?p=6479"},"modified":"2023-06-05T15:31:43","modified_gmt":"2023-06-05T15:31:43","slug":"37-congreso-nacional-de-la-asociacion-de-docentes-nacionales-de-administracion-general-adenag","status":"publish","type":"post","link":"https:\/\/face.unt.edu.ar\/web\/iadmin\/37-congreso-nacional-de-la-asociacion-de-docentes-nacionales-de-administracion-general-adenag\/","title":{"rendered":"37\u00b0 Congreso Nacional de la Asociaci\u00f3n de Docentes Nacionales de Administraci\u00f3n General ADENAG"},"content":{"rendered":"<p>Durante los d\u00edas 26 y 27 de mayo, se llev\u00f3 a cabo el 37\u00b0 Congreso Nacional de la Asociaci\u00f3n de Docentes Nacionales de Administraci\u00f3n General ADENAG en Mar de Aj\u00f3, organizado por la Universidad Nacional de Luj\u00e1n y por la Universidad Atl\u00e1ntida Argentina<\/p>\n<p>Participaron del congreso los profesores V\u00edctor Mart\u00ednez, Marcelo Medina, Luis P\u00e9rez Vides, Javier Garc\u00eda, Jorge Alul y Juan Martini. Se presentaron cinco trabajos de investigaci\u00f3n:<\/p>\n<p><img decoding=\"async\" class=\"an1 alignleft\" src=\"https:\/\/fonts.gstatic.com\/s\/e\/notoemoji\/15.0\/2728\/32.png\" alt=\"\u2728\" data-emoji=\"\u2728\" aria-label=\"\u2728\" \/>ANAL\u00cdTICA DE NEGOCIOS APLICADA EN LA MUDEZ ORGANIZACIONAL (Victoria Agostina Corbalan Parada &amp; Marcelo Medina)<\/p>\n<p><img decoding=\"async\" class=\"an1 alignleft\" src=\"https:\/\/fonts.gstatic.com\/s\/e\/notoemoji\/15.0\/2728\/32.png\" alt=\"\u2728\" data-emoji=\"\u2728\" aria-label=\"\u2728\" \/>COEVALUACI\u00d3N EN PR\u00c1CTICA PROFESIONAL DE LA LICENCIATURA EN ADMINISTRACI\u00d3N (Ingrid Ser\u00f3n &amp; Marcelo Medina)<\/p>\n<p><img decoding=\"async\" class=\"an1 alignleft\" src=\"https:\/\/fonts.gstatic.com\/s\/e\/notoemoji\/15.0\/2728\/32.png\" alt=\"\u2728\" data-emoji=\"\u2728\" aria-label=\"\u2728\" \/>DASHBOARD ECON\u00d3MICO-FINANCIERO EN UNA UNIDAD ACAD\u00c9MICA (Mauricio Cuozzo &amp; Marcelo Medina)<\/p>\n<p><img decoding=\"async\" class=\"an1 alignleft\" src=\"https:\/\/fonts.gstatic.com\/s\/e\/notoemoji\/15.0\/2728\/32.png\" alt=\"\u2728\" data-emoji=\"\u2728\" aria-label=\"\u2728\" \/>HABILIDADES DIRECTIVAS REQUERIDAS EN ESTUDIANTES Y PROFESIONALES DE CIENCIAS ECON\u00d3MICAS (Luciana Ponce Javier &amp; Garc\u00eda)<\/p>\n<p><img decoding=\"async\" class=\"an1 alignleft\" src=\"https:\/\/fonts.gstatic.com\/s\/e\/notoemoji\/15.0\/2728\/32.png\" alt=\"\u2728\" data-emoji=\"\u2728\" aria-label=\"\u2728\" \/>APLICACI\u00d3N DE HERRAMIENTAS L\u00daDICAS PARA LA FORMACI\u00d3N EN LAS EMPRESAS (Pablo Aguilar)<\/p>\n<p>Les compartimos algunas fotos del Congreso<\/p>\n<p><a href=\"https:\/\/face.unt.edu.ar\/web\/iadmin\/wp-content\/uploads\/sites\/2\/2023\/06\/2-5.png\"><img decoding=\"async\" loading=\"lazy\" class=\"size-medium wp-image-6480 alignleft\" src=\"https:\/\/face.unt.edu.ar\/web\/iadmin\/wp-content\/uploads\/sites\/2\/2023\/06\/2-5-300x300.png\" alt=\"\" width=\"300\" height=\"300\" srcset=\"https:\/\/face.unt.edu.ar\/web\/iadmin\/wp-content\/uploads\/sites\/2\/2023\/06\/2-5-300x300.png 300w, https:\/\/face.unt.edu.ar\/web\/iadmin\/wp-content\/uploads\/sites\/2\/2023\/06\/2-5-1024x1024.png 1024w, https:\/\/face.unt.edu.ar\/web\/iadmin\/wp-content\/uploads\/sites\/2\/2023\/06\/2-5-150x150.png 150w, https:\/\/face.unt.edu.ar\/web\/iadmin\/wp-content\/uploads\/sites\/2\/2023\/06\/2-5-768x768.png 768w, https:\/\/face.unt.edu.ar\/web\/iadmin\/wp-content\/uploads\/sites\/2\/2023\/06\/2-5.png 1080w\" sizes=\"(max-width: 300px) 100vw, 300px\" \/><\/a> <a href=\"https:\/\/face.unt.edu.ar\/web\/iadmin\/wp-content\/uploads\/sites\/2\/2023\/06\/7.png\"><img decoding=\"async\" loading=\"lazy\" class=\"size-medium wp-image-6481 alignright\" src=\"https:\/\/face.unt.edu.ar\/web\/iadmin\/wp-content\/uploads\/sites\/2\/2023\/06\/7-300x300.png\" alt=\"\" width=\"300\" height=\"300\" srcset=\"https:\/\/face.unt.edu.ar\/web\/iadmin\/wp-content\/uploads\/sites\/2\/2023\/06\/7-300x300.png 300w, https:\/\/face.unt.edu.ar\/web\/iadmin\/wp-content\/uploads\/sites\/2\/2023\/06\/7-1024x1024.png 1024w, https:\/\/face.unt.edu.ar\/web\/iadmin\/wp-content\/uploads\/sites\/2\/2023\/06\/7-150x150.png 150w, https:\/\/face.unt.edu.ar\/web\/iadmin\/wp-content\/uploads\/sites\/2\/2023\/06\/7-768x768.png 768w, https:\/\/face.unt.edu.ar\/web\/iadmin\/wp-content\/uploads\/sites\/2\/2023\/06\/7.png 1080w\" sizes=\"(max-width: 300px) 100vw, 300px\" \/><\/a> <a href=\"https:\/\/face.unt.edu.ar\/web\/iadmin\/wp-content\/uploads\/sites\/2\/2023\/06\/9.png\"><img decoding=\"async\" loading=\"lazy\" class=\"size-medium wp-image-6482 alignleft\" src=\"https:\/\/face.unt.edu.ar\/web\/iadmin\/wp-content\/uploads\/sites\/2\/2023\/06\/9-300x300.png\" alt=\"\" width=\"300\" height=\"300\" srcset=\"https:\/\/face.unt.edu.ar\/web\/iadmin\/wp-content\/uploads\/sites\/2\/2023\/06\/9-300x300.png 300w, https:\/\/face.unt.edu.ar\/web\/iadmin\/wp-content\/uploads\/sites\/2\/2023\/06\/9-1024x1024.png 1024w, https:\/\/face.unt.edu.ar\/web\/iadmin\/wp-content\/uploads\/sites\/2\/2023\/06\/9-150x150.png 150w, https:\/\/face.unt.edu.ar\/web\/iadmin\/wp-content\/uploads\/sites\/2\/2023\/06\/9-768x768.png 768w, https:\/\/face.unt.edu.ar\/web\/iadmin\/wp-content\/uploads\/sites\/2\/2023\/06\/9.png 1080w\" sizes=\"(max-width: 300px) 100vw, 300px\" \/><\/a> <a href=\"https:\/\/face.unt.edu.ar\/web\/iadmin\/wp-content\/uploads\/sites\/2\/2023\/06\/8-1.png\"><img decoding=\"async\" loading=\"lazy\" class=\"size-medium wp-image-6483 alignright\" src=\"https:\/\/face.unt.edu.ar\/web\/iadmin\/wp-content\/uploads\/sites\/2\/2023\/06\/8-1-300x300.png\" alt=\"\" width=\"300\" height=\"300\" srcset=\"https:\/\/face.unt.edu.ar\/web\/iadmin\/wp-content\/uploads\/sites\/2\/2023\/06\/8-1-300x300.png 300w, https:\/\/face.unt.edu.ar\/web\/iadmin\/wp-content\/uploads\/sites\/2\/2023\/06\/8-1-1024x1024.png 1024w, https:\/\/face.unt.edu.ar\/web\/iadmin\/wp-content\/uploads\/sites\/2\/2023\/06\/8-1-150x150.png 150w, https:\/\/face.unt.edu.ar\/web\/iadmin\/wp-content\/uploads\/sites\/2\/2023\/06\/8-1-768x768.png 768w, https:\/\/face.unt.edu.ar\/web\/iadmin\/wp-content\/uploads\/sites\/2\/2023\/06\/8-1.png 1080w\" sizes=\"(max-width: 300px) 100vw, 300px\" \/><\/a> <a href=\"https:\/\/face.unt.edu.ar\/web\/iadmin\/wp-content\/uploads\/sites\/2\/2023\/06\/1-5.png\"><img decoding=\"async\" loading=\"lazy\" class=\"size-medium wp-image-6484 alignleft\" src=\"https:\/\/face.unt.edu.ar\/web\/iadmin\/wp-content\/uploads\/sites\/2\/2023\/06\/1-5-300x300.png\" alt=\"\" width=\"300\" height=\"300\" srcset=\"https:\/\/face.unt.edu.ar\/web\/iadmin\/wp-content\/uploads\/sites\/2\/2023\/06\/1-5-300x300.png 300w, https:\/\/face.unt.edu.ar\/web\/iadmin\/wp-content\/uploads\/sites\/2\/2023\/06\/1-5-1024x1024.png 1024w, https:\/\/face.unt.edu.ar\/web\/iadmin\/wp-content\/uploads\/sites\/2\/2023\/06\/1-5-150x150.png 150w, https:\/\/face.unt.edu.ar\/web\/iadmin\/wp-content\/uploads\/sites\/2\/2023\/06\/1-5-768x768.png 768w, https:\/\/face.unt.edu.ar\/web\/iadmin\/wp-content\/uploads\/sites\/2\/2023\/06\/1-5.png 1080w\" sizes=\"(max-width: 300px) 100vw, 300px\" \/><\/a> <a href=\"https:\/\/face.unt.edu.ar\/web\/iadmin\/wp-content\/uploads\/sites\/2\/2023\/06\/5-1.png\"><img decoding=\"async\" loading=\"lazy\" class=\"size-medium wp-image-6485 alignright\" src=\"https:\/\/face.unt.edu.ar\/web\/iadmin\/wp-content\/uploads\/sites\/2\/2023\/06\/5-1-300x300.png\" alt=\"\" width=\"300\" height=\"300\" srcset=\"https:\/\/face.unt.edu.ar\/web\/iadmin\/wp-content\/uploads\/sites\/2\/2023\/06\/5-1-300x300.png 300w, https:\/\/face.unt.edu.ar\/web\/iadmin\/wp-content\/uploads\/sites\/2\/2023\/06\/5-1-1024x1024.png 1024w, https:\/\/face.unt.edu.ar\/web\/iadmin\/wp-content\/uploads\/sites\/2\/2023\/06\/5-1-150x150.png 150w, https:\/\/face.unt.edu.ar\/web\/iadmin\/wp-content\/uploads\/sites\/2\/2023\/06\/5-1-768x768.png 768w, https:\/\/face.unt.edu.ar\/web\/iadmin\/wp-content\/uploads\/sites\/2\/2023\/06\/5-1.png 1080w\" sizes=\"(max-width: 300px) 100vw, 300px\" \/><\/a> <a href=\"https:\/\/face.unt.edu.ar\/web\/iadmin\/wp-content\/uploads\/sites\/2\/2023\/06\/6-1.png\"><img decoding=\"async\" loading=\"lazy\" class=\"size-medium wp-image-6486 alignleft\" src=\"https:\/\/face.unt.edu.ar\/web\/iadmin\/wp-content\/uploads\/sites\/2\/2023\/06\/6-1-300x300.png\" alt=\"\" width=\"300\" height=\"300\" srcset=\"https:\/\/face.unt.edu.ar\/web\/iadmin\/wp-content\/uploads\/sites\/2\/2023\/06\/6-1-300x300.png 300w, https:\/\/face.unt.edu.ar\/web\/iadmin\/wp-content\/uploads\/sites\/2\/2023\/06\/6-1-1024x1024.png 1024w, https:\/\/face.unt.edu.ar\/web\/iadmin\/wp-content\/uploads\/sites\/2\/2023\/06\/6-1-150x150.png 150w, https:\/\/face.unt.edu.ar\/web\/iadmin\/wp-content\/uploads\/sites\/2\/2023\/06\/6-1-768x768.png 768w, https:\/\/face.unt.edu.ar\/web\/iadmin\/wp-content\/uploads\/sites\/2\/2023\/06\/6-1.png 1080w\" sizes=\"(max-width: 300px) 100vw, 300px\" \/><\/a> <a href=\"https:\/\/face.unt.edu.ar\/web\/iadmin\/wp-content\/uploads\/sites\/2\/2023\/06\/04-5.png\"><img decoding=\"async\" loading=\"lazy\" class=\"size-medium wp-image-6487 alignright\" src=\"https:\/\/face.unt.edu.ar\/web\/iadmin\/wp-content\/uploads\/sites\/2\/2023\/06\/04-5-300x300.png\" alt=\"\" width=\"300\" height=\"300\" srcset=\"https:\/\/face.unt.edu.ar\/web\/iadmin\/wp-content\/uploads\/sites\/2\/2023\/06\/04-5-300x300.png 300w, https:\/\/face.unt.edu.ar\/web\/iadmin\/wp-content\/uploads\/sites\/2\/2023\/06\/04-5-1024x1024.png 1024w, https:\/\/face.unt.edu.ar\/web\/iadmin\/wp-content\/uploads\/sites\/2\/2023\/06\/04-5-150x150.png 150w, https:\/\/face.unt.edu.ar\/web\/iadmin\/wp-content\/uploads\/sites\/2\/2023\/06\/04-5-768x768.png 768w, https:\/\/face.unt.edu.ar\/web\/iadmin\/wp-content\/uploads\/sites\/2\/2023\/06\/04-5.png 1080w\" sizes=\"(max-width: 300px) 100vw, 300px\" \/><\/a><\/p>\n<div class=\"yj6qo\"><\/div>\n<div class=\"adL\"><\/div>\n","protected":false},"excerpt":{"rendered":"<p>Durante los d\u00edas 26 y 27 de mayo, se llev\u00f3 a cabo el 37\u00b0 Congreso Nacional de la Asociaci\u00f3n de Docentes Nacionales de Administraci\u00f3n General ADENAG en Mar de Aj\u00f3, organizado por la Universidad Nacional de Luj\u00e1n y por la Universidad Atl\u00e1ntida Argentina Participaron del congreso los profesores V\u00edctor Mart\u00ednez, Marcelo Medina, Luis P\u00e9rez Vides, [&hellip;]<\/p>\n","protected":false},"author":9,"featured_media":6238,"comment_status":"open","ping_status":"open","sticky":false,"template":"","format":"standard","meta":{"footnotes":""},"categories":[4,14],"tags":[],"_links":{"self":[{"href":"https:\/\/face.unt.edu.ar\/web\/iadmin\/wp-json\/wp\/v2\/posts\/6479"}],"collection":[{"href":"https:\/\/face.unt.edu.ar\/web\/iadmin\/wp-json\/wp\/v2\/posts"}],"about":[{"href":"https:\/\/face.unt.edu.ar\/web\/iadmin\/wp-json\/wp\/v2\/types\/post"}],"author":[{"embeddable":true,"href":"https:\/\/face.unt.edu.ar\/web\/iadmin\/wp-json\/wp\/v2\/users\/9"}],"replies":[{"embeddable":true,"href":"https:\/\/face.unt.edu.ar\/web\/iadmin\/wp-json\/wp\/v2\/comments?post=6479"}],"version-history":[{"count":1,"href":"https:\/\/face.unt.edu.ar\/web\/iadmin\/wp-json\/wp\/v2\/posts\/6479\/revisions"}],"predecessor-version":[{"id":6488,"href":"https:\/\/face.unt.edu.ar\/web\/iadmin\/wp-json\/wp\/v2\/posts\/6479\/revisions\/6488"}],"wp:featuredmedia":[{"embeddable":true,"href":"https:\/\/face.unt.edu.ar\/web\/iadmin\/wp-json\/wp\/v2\/media\/6238"}],"wp:attachment":[{"href":"https:\/\/face.unt.edu.ar\/web\/iadmin\/wp-json\/wp\/v2\/media?parent=6479"}],"wp:term":[{"taxonomy":"category","embeddable":true,"href":"https:\/\/face.unt.edu.ar\/web\/iadmin\/wp-json\/wp\/v2\/categories?post=6479"},{"taxonomy":"post_tag","embeddable":true,"href":"https:\/\/face.unt.edu.ar\/web\/iadmin\/wp-json\/wp\/v2\/tags?post=6479"}],"curies":[{"name":"wp","href":"https:\/\/api.w.org\/{rel}","templated":true}]}}