{"id":6538,"date":"2023-06-23T13:43:38","date_gmt":"2023-06-23T13:43:38","guid":{"rendered":"https:\/\/face.unt.edu.ar\/web\/iadmin\/?p=6538"},"modified":"2023-06-23T13:45:07","modified_gmt":"2023-06-23T13:45:07","slug":"nueva-abanderada-de-nuestra-facultad-alumnas-de-la-licenciatura-en-administracion","status":"publish","type":"post","link":"https:\/\/face.unt.edu.ar\/web\/iadmin\/nueva-abanderada-de-nuestra-facultad-alumnas-de-la-licenciatura-en-administracion\/","title":{"rendered":"Nuevas abanderada y escolta suplente de nuestra Facultad &#8211; Alumnas de la Licenciatura en Administraci\u00f3n"},"content":{"rendered":"<p>Nos enorgullece anunciar que la nueva abanderada de nuestra Facultad es Eugenia Mar\u00eda Via\u00f1a Frias Silva y Agustina Denisse Salica es escolta suplente, estudiantes avanzadas de la carrera de la Licenciatura en Administraci\u00f3n<\/p>\n<p>\u00a1Felicidades Eugenia! \u00a1Felicidades Agustina!\u00a0<a role=\"link\" href=\"https:\/\/www.instagram.com\/ee.via\/\" target=\"_blank\" rel=\"noopener\" data-saferedirecturl=\"https:\/\/www.google.com\/url?q=https:\/\/www.instagram.com\/ee.via\/&amp;source=gmail&amp;ust=1687611981002000&amp;usg=AOvVaw37f406WupCix3QxhHYAULj\">@ee.via<\/a>\u00a0<a role=\"link\" href=\"https:\/\/www.instagram.com\/salicadenisse\/\" target=\"_blank\" rel=\"noopener\" data-saferedirecturl=\"https:\/\/www.google.com\/url?q=https:\/\/www.instagram.com\/salicadenisse\/&amp;source=gmail&amp;ust=1687611981002000&amp;usg=AOvVaw126UoUaRbDi9C3ZedYLup0\">@salicadenisse<\/a><\/p>\n<p><a href=\"https:\/\/face.unt.edu.ar\/web\/iadmin\/wp-content\/uploads\/sites\/2\/2023\/06\/5-4.png\"><img decoding=\"async\" loading=\"lazy\" class=\"size-medium wp-image-6544 alignleft\" src=\"https:\/\/face.unt.edu.ar\/web\/iadmin\/wp-content\/uploads\/sites\/2\/2023\/06\/5-4-300x300.png\" alt=\"\" width=\"300\" height=\"300\" srcset=\"https:\/\/face.unt.edu.ar\/web\/iadmin\/wp-content\/uploads\/sites\/2\/2023\/06\/5-4-300x300.png 300w, https:\/\/face.unt.edu.ar\/web\/iadmin\/wp-content\/uploads\/sites\/2\/2023\/06\/5-4-1024x1024.png 1024w, https:\/\/face.unt.edu.ar\/web\/iadmin\/wp-content\/uploads\/sites\/2\/2023\/06\/5-4-150x150.png 150w, https:\/\/face.unt.edu.ar\/web\/iadmin\/wp-content\/uploads\/sites\/2\/2023\/06\/5-4-768x768.png 768w, https:\/\/face.unt.edu.ar\/web\/iadmin\/wp-content\/uploads\/sites\/2\/2023\/06\/5-4.png 1080w\" sizes=\"(max-width: 300px) 100vw, 300px\" \/><\/a> <a href=\"https:\/\/face.unt.edu.ar\/web\/iadmin\/wp-content\/uploads\/sites\/2\/2023\/06\/2-8.png\"><img decoding=\"async\" loading=\"lazy\" class=\"size-medium wp-image-6545 alignright\" src=\"https:\/\/face.unt.edu.ar\/web\/iadmin\/wp-content\/uploads\/sites\/2\/2023\/06\/2-8-300x300.png\" alt=\"\" width=\"300\" height=\"300\" srcset=\"https:\/\/face.unt.edu.ar\/web\/iadmin\/wp-content\/uploads\/sites\/2\/2023\/06\/2-8-300x300.png 300w, https:\/\/face.unt.edu.ar\/web\/iadmin\/wp-content\/uploads\/sites\/2\/2023\/06\/2-8-1024x1024.png 1024w, https:\/\/face.unt.edu.ar\/web\/iadmin\/wp-content\/uploads\/sites\/2\/2023\/06\/2-8-150x150.png 150w, https:\/\/face.unt.edu.ar\/web\/iadmin\/wp-content\/uploads\/sites\/2\/2023\/06\/2-8-768x768.png 768w, https:\/\/face.unt.edu.ar\/web\/iadmin\/wp-content\/uploads\/sites\/2\/2023\/06\/2-8.png 1080w\" sizes=\"(max-width: 300px) 100vw, 300px\" \/><\/a> <a href=\"https:\/\/face.unt.edu.ar\/web\/iadmin\/wp-content\/uploads\/sites\/2\/2023\/06\/7-2.png\"><img decoding=\"async\" loading=\"lazy\" class=\"size-medium wp-image-6539 alignleft\" src=\"https:\/\/face.unt.edu.ar\/web\/iadmin\/wp-content\/uploads\/sites\/2\/2023\/06\/7-2-300x300.png\" alt=\"\" width=\"300\" height=\"300\" srcset=\"https:\/\/face.unt.edu.ar\/web\/iadmin\/wp-content\/uploads\/sites\/2\/2023\/06\/7-2-300x300.png 300w, https:\/\/face.unt.edu.ar\/web\/iadmin\/wp-content\/uploads\/sites\/2\/2023\/06\/7-2-1024x1024.png 1024w, https:\/\/face.unt.edu.ar\/web\/iadmin\/wp-content\/uploads\/sites\/2\/2023\/06\/7-2-150x150.png 150w, https:\/\/face.unt.edu.ar\/web\/iadmin\/wp-content\/uploads\/sites\/2\/2023\/06\/7-2-768x768.png 768w, https:\/\/face.unt.edu.ar\/web\/iadmin\/wp-content\/uploads\/sites\/2\/2023\/06\/7-2.png 1080w\" sizes=\"(max-width: 300px) 100vw, 300px\" \/><\/a> <a href=\"https:\/\/face.unt.edu.ar\/web\/iadmin\/wp-content\/uploads\/sites\/2\/2023\/06\/6-3.png\"><img decoding=\"async\" loading=\"lazy\" class=\"size-medium wp-image-6540 alignright\" src=\"https:\/\/face.unt.edu.ar\/web\/iadmin\/wp-content\/uploads\/sites\/2\/2023\/06\/6-3-300x300.png\" alt=\"\" width=\"300\" height=\"300\" srcset=\"https:\/\/face.unt.edu.ar\/web\/iadmin\/wp-content\/uploads\/sites\/2\/2023\/06\/6-3-300x300.png 300w, https:\/\/face.unt.edu.ar\/web\/iadmin\/wp-content\/uploads\/sites\/2\/2023\/06\/6-3-1024x1024.png 1024w, https:\/\/face.unt.edu.ar\/web\/iadmin\/wp-content\/uploads\/sites\/2\/2023\/06\/6-3-150x150.png 150w, https:\/\/face.unt.edu.ar\/web\/iadmin\/wp-content\/uploads\/sites\/2\/2023\/06\/6-3-768x768.png 768w, https:\/\/face.unt.edu.ar\/web\/iadmin\/wp-content\/uploads\/sites\/2\/2023\/06\/6-3.png 1080w\" sizes=\"(max-width: 300px) 100vw, 300px\" \/><\/a><\/p>\n<p>&nbsp;<\/p>\n<p>&nbsp;<\/p>\n<p>&nbsp;<\/p>\n<p>&nbsp;<\/p>\n<p>&nbsp;<\/p>\n<p>&nbsp;<\/p>\n<p>&nbsp;<\/p>\n<p>&nbsp;<\/p>\n<p>&nbsp;<\/p>\n<p>&nbsp;<\/p>\n<p>&nbsp;<\/p>\n<p>&nbsp;<\/p>\n<p>!!! Orgullo para el Instituto de Administraci\u00f3n!!!\u00a0<img decoding=\"async\" class=\"an1\" src=\"https:\/\/fonts.gstatic.com\/s\/e\/notoemoji\/15.0\/1f9e1\/32.png\" alt=\"\ud83e\udde1\" data-emoji=\"\ud83e\udde1\" aria-label=\"\ud83e\udde1\" \/><img decoding=\"async\" class=\"an1\" src=\"https:\/\/fonts.gstatic.com\/s\/e\/notoemoji\/15.0\/1f499\/32.png\" alt=\"\ud83d\udc99\" data-emoji=\"\ud83d\udc99\" aria-label=\"\ud83d\udc99\" \/><\/p>\n<div class=\"yj6qo\"><\/div>\n<div class=\"adL\"><\/div>\n","protected":false},"excerpt":{"rendered":"<p>Nos enorgullece anunciar que la nueva abanderada de nuestra Facultad es Eugenia Mar\u00eda Via\u00f1a Frias Silva y Agustina Denisse Salica es escolta suplente, estudiantes avanzadas de la carrera de la Licenciatura en Administraci\u00f3n \u00a1Felicidades Eugenia! \u00a1Felicidades Agustina!\u00a0@ee.via\u00a0@salicadenisse &nbsp; &nbsp; &nbsp; &nbsp; &nbsp; &nbsp; &nbsp; &nbsp; &nbsp; &nbsp; &nbsp; &nbsp; !!! Orgullo para el Instituto de [&hellip;]<\/p>\n","protected":false},"author":9,"featured_media":6541,"comment_status":"open","ping_status":"open","sticky":false,"template":"","format":"standard","meta":{"footnotes":""},"categories":[4,14],"tags":[],"_links":{"self":[{"href":"https:\/\/face.unt.edu.ar\/web\/iadmin\/wp-json\/wp\/v2\/posts\/6538"}],"collection":[{"href":"https:\/\/face.unt.edu.ar\/web\/iadmin\/wp-json\/wp\/v2\/posts"}],"about":[{"href":"https:\/\/face.unt.edu.ar\/web\/iadmin\/wp-json\/wp\/v2\/types\/post"}],"author":[{"embeddable":true,"href":"https:\/\/face.unt.edu.ar\/web\/iadmin\/wp-json\/wp\/v2\/users\/9"}],"replies":[{"embeddable":true,"href":"https:\/\/face.unt.edu.ar\/web\/iadmin\/wp-json\/wp\/v2\/comments?post=6538"}],"version-history":[{"count":4,"href":"https:\/\/face.unt.edu.ar\/web\/iadmin\/wp-json\/wp\/v2\/posts\/6538\/revisions"}],"predecessor-version":[{"id":6549,"href":"https:\/\/face.unt.edu.ar\/web\/iadmin\/wp-json\/wp\/v2\/posts\/6538\/revisions\/6549"}],"wp:featuredmedia":[{"embeddable":true,"href":"https:\/\/face.unt.edu.ar\/web\/iadmin\/wp-json\/wp\/v2\/media\/6541"}],"wp:attachment":[{"href":"https:\/\/face.unt.edu.ar\/web\/iadmin\/wp-json\/wp\/v2\/media?parent=6538"}],"wp:term":[{"taxonomy":"category","embeddable":true,"href":"https:\/\/face.unt.edu.ar\/web\/iadmin\/wp-json\/wp\/v2\/categories?post=6538"},{"taxonomy":"post_tag","embeddable":true,"href":"https:\/\/face.unt.edu.ar\/web\/iadmin\/wp-json\/wp\/v2\/tags?post=6538"}],"curies":[{"name":"wp","href":"https:\/\/api.w.org\/{rel}","templated":true}]}}